{"id":32685,"date":"2022-01-12T12:31:00","date_gmt":"2022-01-12T12:31:00","guid":{"rendered":"http:\/\/elterritorialweb.com.ar\/web\/?p=32685"},"modified":"2022-01-12T12:31:01","modified_gmt":"2022-01-12T12:31:01","slug":"avance-de-obra-en-la-refaccion-del-centro-cultural-de-la-ciudad-de-fernandez","status":"publish","type":"post","link":"https:\/\/elterritorialweb.com.ar\/web\/avance-de-obra-en-la-refaccion-del-centro-cultural-de-la-ciudad-de-fernandez\/","title":{"rendered":"AVANCE DE OBRA EN LA REFACCI\u00d3N DEL CENTRO CULTURAL DE LA CIUDAD DE FERN\u00c1NDEZ"},"content":{"rendered":"\n<p>La municipalidad de la Ciudad de Fern\u00e1ndez, a trav\u00e9s de la Direcci\u00f3n de Obras P\u00fablicas, lleva adelante la obra que consiste en la remodelaci\u00f3n del\u00a0<strong>Centro Cultural \u201cSixto Palavecino\u201d<\/strong>, en este sentido el intendente de la Ciudad\u00a0<strong>Dr. V\u00edctor Araujo<\/strong>, d\u00edas atr\u00e1s, visit\u00f3 el lugar supervisando los trabajos, oportunidad en la adelant\u00f3 que el lugar e indic\u00f3 que\u00a0<em>\u00abFern\u00e1ndez contar\u00e1 con un lugar mucho m\u00e1s apto para todos los eventos culturales que demandan un lugar cerrado y con las comodidades necesarias.\u00a0\u00a0<\/em><\/p>\n\n\n\n<figure class=\"wp-block-image size-full\"><a href=\"https:\/\/i0.wp.com\/elterritorialweb.com.ar\/web\/wp-content\/uploads\/2022\/01\/FB_IMG_1641990376395.jpg\"><img data-recalc-dims=\"1\" decoding=\"async\" width=\"640\" height=\"425\" data-src=\"https:\/\/i0.wp.com\/elterritorialweb.com.ar\/web\/wp-content\/uploads\/2022\/01\/FB_IMG_1641990376395.jpg?resize=640%2C425\" alt=\"\" class=\"wp-image-32687 lazyload\" data-srcset=\"https:\/\/i0.wp.com\/elterritorialweb.com.ar\/web\/wp-content\/uploads\/2022\/01\/FB_IMG_1641990376395.jpg?w=720&amp;ssl=1 720w, https:\/\/i0.wp.com\/elterritorialweb.com.ar\/web\/wp-content\/uploads\/2022\/01\/FB_IMG_1641990376395.jpg?resize=300%2C199&amp;ssl=1 300w\" data-sizes=\"(max-width: 640px) 100vw, 640px\" src=\"data:image\/svg+xml;base64,PHN2ZyB3aWR0aD0iMSIgaGVpZ2h0PSIxIiB4bWxucz0iaHR0cDovL3d3dy53My5vcmcvMjAwMC9zdmciPjwvc3ZnPg==\" style=\"--smush-placeholder-width: 640px; --smush-placeholder-aspect-ratio: 640\/425;\" \/><\/a><\/figure>\n\n\n\n<h3 class=\"wp-block-heading\"><em>\u00abEl objetivo es que a mitad de a\u00f1o sea inaugurada\u00bb<\/em>. Intendente V\u00edctor araujo<\/h3>\n\n\n\n<p>Entre los trabajos programados est\u00e1 la colocaci\u00f3n de butacas, aires acondicionados, bar, sala de inform\u00e1tica donde se prev\u00e9 el dictado de cursos de capacitaci\u00f3n a vecinos de la ciudad y de los parajes, SUM, entre otras mejoras.<\/p>\n\n\n\n<figure class=\"wp-block-image size-full\"><a href=\"https:\/\/i0.wp.com\/elterritorialweb.com.ar\/web\/wp-content\/uploads\/2022\/01\/FB_IMG_1641990391713.jpg\"><img data-recalc-dims=\"1\" decoding=\"async\" width=\"640\" height=\"425\" data-src=\"https:\/\/i0.wp.com\/elterritorialweb.com.ar\/web\/wp-content\/uploads\/2022\/01\/FB_IMG_1641990391713.jpg?resize=640%2C425\" alt=\"\" class=\"wp-image-32688 lazyload\" data-srcset=\"https:\/\/i0.wp.com\/elterritorialweb.com.ar\/web\/wp-content\/uploads\/2022\/01\/FB_IMG_1641990391713.jpg?w=720&amp;ssl=1 720w, https:\/\/i0.wp.com\/elterritorialweb.com.ar\/web\/wp-content\/uploads\/2022\/01\/FB_IMG_1641990391713.jpg?resize=300%2C199&amp;ssl=1 300w\" data-sizes=\"(max-width: 640px) 100vw, 640px\" src=\"data:image\/svg+xml;base64,PHN2ZyB3aWR0aD0iMSIgaGVpZ2h0PSIxIiB4bWxucz0iaHR0cDovL3d3dy53My5vcmcvMjAwMC9zdmciPjwvc3ZnPg==\" style=\"--smush-placeholder-width: 640px; --smush-placeholder-aspect-ratio: 640\/425;\" \/><\/a><\/figure>\n\n\n\n<p>Cabe recordar que \u00e9sta, es una de las m\u00e1s de 10 obras que se realizan en simult\u00e1neo actualmente en la&nbsp;<strong>\u201cCapital del Agro\u201d<\/strong>&nbsp;de las cuales muchas de ellas se ejecutan &nbsp;con fondos provinciales, otras con fondos municipales y tambi\u00e9n con financiaci\u00f3n del orden nacional.<\/p>\n","protected":false},"excerpt":{"rendered":"<p>\u00abEl objetivo es que a mitad de a\u00f1o sea inaugurada\u00bb, dijo el intendente Araujo.<\/p>\n","protected":false},"author":2,"featured_media":32686,"comment_status":"open","ping_status":"open","sticky":false,"template":"","format":"standard","meta":{"om_disable_all_campaigns":false,"_monsterinsights_skip_tracking":false,"_monsterinsights_sitenote_active":false,"_monsterinsights_sitenote_note":"","_monsterinsights_sitenote_category":0,"_uf_show_specific_survey":0,"_uf_disable_surveys":false,"jetpack_post_was_ever_published":false,"_jetpack_newsletter_access":"","_jetpack_dont_email_post_to_subs":false,"_jetpack_newsletter_tier_id":0,"_jetpack_memberships_contains_paywalled_content":false,"_jetpack_memberships_contains_paid_content":false,"footnotes":"","jetpack_publicize_message":"","jetpack_publicize_feature_enabled":true,"jetpack_social_post_already_shared":false,"jetpack_social_options":{"image_generator_settings":{"template":"highway","default_image_id":0,"font":"","enabled":false},"version":2}},"categories":[1],"tags":[],"class_list":["post-32685","post","type-post","status-publish","format-standard","has-post-thumbnail","hentry","category-sin-categoria"],"aioseo_notices":[],"views":13,"jetpack_publicize_connections":[],"jetpack_featured_media_url":"https:\/\/i0.wp.com\/elterritorialweb.com.ar\/web\/wp-content\/uploads\/2022\/01\/FB_IMG_1641990364992.jpg?fit=720%2C478&ssl=1","jetpack_sharing_enabled":true,"_links":{"self":[{"href":"https:\/\/elterritorialweb.com.ar\/web\/wp-json\/wp\/v2\/posts\/32685","targetHints":{"allow":["GET"]}}],"collection":[{"href":"https:\/\/elterritorialweb.com.ar\/web\/wp-json\/wp\/v2\/posts"}],"about":[{"href":"https:\/\/elterritorialweb.com.ar\/web\/wp-json\/wp\/v2\/types\/post"}],"author":[{"embeddable":true,"href":"https:\/\/elterritorialweb.com.ar\/web\/wp-json\/wp\/v2\/users\/2"}],"replies":[{"embeddable":true,"href":"https:\/\/elterritorialweb.com.ar\/web\/wp-json\/wp\/v2\/comments?post=32685"}],"version-history":[{"count":1,"href":"https:\/\/elterritorialweb.com.ar\/web\/wp-json\/wp\/v2\/posts\/32685\/revisions"}],"predecessor-version":[{"id":32689,"href":"https:\/\/elterritorialweb.com.ar\/web\/wp-json\/wp\/v2\/posts\/32685\/revisions\/32689"}],"wp:featuredmedia":[{"embeddable":true,"href":"https:\/\/elterritorialweb.com.ar\/web\/wp-json\/wp\/v2\/media\/32686"}],"wp:attachment":[{"href":"https:\/\/elterritorialweb.com.ar\/web\/wp-json\/wp\/v2\/media?parent=32685"}],"wp:term":[{"taxonomy":"category","embeddable":true,"href":"https:\/\/elterritorialweb.com.ar\/web\/wp-json\/wp\/v2\/categories?post=32685"},{"taxonomy":"post_tag","embeddable":true,"href":"https:\/\/elterritorialweb.com.ar\/web\/wp-json\/wp\/v2\/tags?post=32685"}],"curies":[{"name":"wp","href":"https:\/\/api.w.org\/{rel}","templated":true}]}}