{"id":32691,"date":"2022-01-12T13:15:04","date_gmt":"2022-01-12T13:15:04","guid":{"rendered":"http:\/\/elterritorialweb.com.ar\/web\/?p=32691"},"modified":"2022-01-12T13:15:05","modified_gmt":"2022-01-12T13:15:05","slug":"vuelve-conectar-igualdad-el-programa-que-entrega-netbooks-a-estudiantes","status":"publish","type":"post","link":"https:\/\/elterritorialweb.com.ar\/web\/vuelve-conectar-igualdad-el-programa-que-entrega-netbooks-a-estudiantes\/","title":{"rendered":"VUELVE CONECTAR IGUALDAD, EL PROGRAMA QUE ENTREGA NETBOOKS A ESTUDIANTES"},"content":{"rendered":"\n<p>El Gobierno nacional oficializ\u00f3 este mi\u00e9rcoles la creaci\u00f3n del Programa Conectar Igualdad \u00abcon el fin de recuperar el esp\u00edritu\u00bb de la&nbsp;<strong>iniciativa lanzada en 2010<\/strong>&nbsp;y ante las necesidades de conectividad que se imponen en el contexto de la pandemia de coronavirus.<\/p>\n\n\n\n<p>Adem\u00e1s, el Ejecutivo resolvi\u00f3 que el programa funcione y sea instrumentado por el Ministerio de Educaci\u00f3n.<\/p>\n\n\n\n<p>En el decreto 11\/2022, publicado en el Bolet\u00edn Oficial, se define que el objetivo del programa pasa por \u00abproporcionar recursos tecnol\u00f3gicos en las escuelas p\u00fablicas de gesti\u00f3n estatal y elaborar propuestas educativas con el fin de favorecer la incorporaci\u00f3n de las mismas en los procesos de ense\u00f1anza y de aprendizaje\u00bb.<\/p>\n\n\n\n<p>La asignaci\u00f3n de recursos tecnol\u00f3gicos \u00abse realizar\u00e1 bajo la modalidad de entrega de una computadora a cada estudiante y a cada docente para las escuelas de educaci\u00f3n secundaria y de educaci\u00f3n especial de gesti\u00f3n estatal y para el resto de los niveles educativos de acuerdo con los criterios que entienda conveniente la Autoridad de Aplicaci\u00f3n\u00bb, que es Educaci\u00f3n, detalla el texto.<\/p>\n\n\n\n<p>La cartera educativa promover\u00e1 \u00ablos acuerdos necesarios con las provincias y con la Ciudad Aut\u00f3noma de Buenos Aires para el adecuado cumplimiento de los objetivos del programa.<\/p>\n\n\n\n<p>Conectar Igualdad&nbsp;<strong>se financiar\u00e1 con las partidas que anualmente asigne la Ley de Presupuesto General de la Administraci\u00f3n Nacional a Educaci\u00f3n con fondos provenientes del Tesoro Nacional<\/strong>, precisa el decreto firmado por el presidente Alberto Fern\u00e1ndez, el jefe de Gabinete, Juan Manzur; y el ministro de Educaci\u00f3n, Jaime Perczyk.<\/p>\n","protected":false},"excerpt":{"rendered":"<p>Se entregar\u00e1 una computadora a cada estudiante y a cada docente para las escuelas de educaci\u00f3n secundaria y de educaci\u00f3n especial de gesti\u00f3n estatal y para el resto de los niveles educativos de acuerdo con los criterios que entienda conveniente la Autoridad de Aplicaci\u00f3n.<\/p>\n","protected":false},"author":2,"featured_media":32692,"comment_status":"open","ping_status":"open","sticky":false,"template":"","format":"standard","meta":{"om_disable_all_campaigns":false,"_monsterinsights_skip_tracking":false,"_monsterinsights_sitenote_active":false,"_monsterinsights_sitenote_note":"","_monsterinsights_sitenote_category":0,"_uf_show_specific_survey":0,"_uf_disable_surveys":false,"jetpack_post_was_ever_published":false,"_jetpack_newsletter_access":"","_jetpack_dont_email_post_to_subs":false,"_jetpack_newsletter_tier_id":0,"_jetpack_memberships_contains_paywalled_content":false,"_jetpack_memberships_contains_paid_content":false,"footnotes":"","jetpack_publicize_message":"","jetpack_publicize_feature_enabled":true,"jetpack_social_post_already_shared":false,"jetpack_social_options":{"image_generator_settings":{"template":"highway","default_image_id":0,"font":"","enabled":false},"version":2}},"categories":[19],"tags":[],"class_list":["post-32691","post","type-post","status-publish","format-standard","has-post-thumbnail","hentry","category-educacion"],"aioseo_notices":[],"views":13,"jetpack_publicize_connections":[],"jetpack_featured_media_url":"https:\/\/i0.wp.com\/elterritorialweb.com.ar\/web\/wp-content\/uploads\/2022\/01\/20200103105706_conectar.jpg?fit=780%2C434&ssl=1","jetpack_sharing_enabled":true,"_links":{"self":[{"href":"https:\/\/elterritorialweb.com.ar\/web\/wp-json\/wp\/v2\/posts\/32691","targetHints":{"allow":["GET"]}}],"collection":[{"href":"https:\/\/elterritorialweb.com.ar\/web\/wp-json\/wp\/v2\/posts"}],"about":[{"href":"https:\/\/elterritorialweb.com.ar\/web\/wp-json\/wp\/v2\/types\/post"}],"author":[{"embeddable":true,"href":"https:\/\/elterritorialweb.com.ar\/web\/wp-json\/wp\/v2\/users\/2"}],"replies":[{"embeddable":true,"href":"https:\/\/elterritorialweb.com.ar\/web\/wp-json\/wp\/v2\/comments?post=32691"}],"version-history":[{"count":1,"href":"https:\/\/elterritorialweb.com.ar\/web\/wp-json\/wp\/v2\/posts\/32691\/revisions"}],"predecessor-version":[{"id":32693,"href":"https:\/\/elterritorialweb.com.ar\/web\/wp-json\/wp\/v2\/posts\/32691\/revisions\/32693"}],"wp:featuredmedia":[{"embeddable":true,"href":"https:\/\/elterritorialweb.com.ar\/web\/wp-json\/wp\/v2\/media\/32692"}],"wp:attachment":[{"href":"https:\/\/elterritorialweb.com.ar\/web\/wp-json\/wp\/v2\/media?parent=32691"}],"wp:term":[{"taxonomy":"category","embeddable":true,"href":"https:\/\/elterritorialweb.com.ar\/web\/wp-json\/wp\/v2\/categories?post=32691"},{"taxonomy":"post_tag","embeddable":true,"href":"https:\/\/elterritorialweb.com.ar\/web\/wp-json\/wp\/v2\/tags?post=32691"}],"curies":[{"name":"wp","href":"https:\/\/api.w.org\/{rel}","templated":true}]}}