{"id":32715,"date":"2022-01-13T05:05:20","date_gmt":"2022-01-13T05:05:20","guid":{"rendered":"http:\/\/elterritorialweb.com.ar\/web\/?p=32715"},"modified":"2022-01-13T05:07:01","modified_gmt":"2022-01-13T05:07:01","slug":"coronavirus-en-santiago-se-confirmaron-2-300-casos-positivos-en-la-provincia","status":"publish","type":"post","link":"https:\/\/elterritorialweb.com.ar\/web\/coronavirus-en-santiago-se-confirmaron-2-300-casos-positivos-en-la-provincia\/","title":{"rendered":"CORONAVIRUS EN SANTIAGO: SE CONFIRMARON 2.300 CASOS POSITIVOS EN LA PROVINCIA"},"content":{"rendered":"\n<p><br>Se recuperaron doscientos veintisiete (227) casos, por lo que son ochenta y un mil ciento noventa y nueve (81.199) los casos recuperados en la provincia.<br><\/p>\n\n\n\n<p>No se notificaron personas fallecidas con diagn\u00f3stico de COVID-19 activo.<br><\/p>\n\n\n\n<p>Hay un total de mil ochenta y cuatro (1.084) personas positivas fallecidas en la provincia.<br><\/p>\n\n\n\n<p>Se procesaron un total de cuatro mil cuatrocientas treinta y cuatro (4434) muestras.<\/p>\n\n\n\n<p><strong>Se confirmaron dos mil trescientos (2.300) casos positivos de COVID -19 en la provincia, Capital-Banda (1479) e interior de la provincia (821): Abra Grande 3; Amama 1; Antaje 4; A\u00f1atuya 43; Ardiles 2; Arraga 3; Bajo las Piedras 1; Bandera 15; Bandera Bajada 9; Beltran 26; Brea Pozo 9; Campo Gallo 18; Campo Nuevo 1; Ca\u00f1ada de la Costa 1; Ca\u00f1ada del Monte 1; Caspi Corral 3; Cha\u00f1ar Pozo 1; Cha\u00f1ar Pozo de arriba 1; Cha\u00f1ar Pozo del Medio 1; Clodomira 27; Colonia Dora 6; Colonia El Simbolar 2; Colonia Maria Luisa 2; Colonia Pinto 1; Colonia Tinco 1; Do\u00f1a Luisa 1; El Alambrado 1; El Cercado 1; El Dean 1; El Mojon 1; El Parana 1; El Pinto 1; El Pirucho 1; El Polear 1; El Puestito 1; Estacion Atamisqui 3; Estacion Simbolar 1; Estacion Taboada 3; Fern\u00e1ndez 60; Forres 2; Frias 14; Garza 9; Gran Porvenir 1; Guampacha 5; Guanaco Sombriana 1; Guardia Escolta 1; Ica\u00f1o 5; Isla Verde 1; Km 88 1; La Abrita 1; La Aguada 3; La Ca\u00f1ada 5; La Curva 2; La Invernada 4; La Noria 1; La Nueva Donosa 1; La Paludica 1; Laprida 6; Las Juntas 1; Lavalle 8; Lilo Viejo 1; Loreto 38; Loro Huasi 2; Los Acosta 1; Los Alerces 1; Los Banegas 1; Los Cardozos 2; Los Juries 2; Los Nu\u00f1ez 1; Los Pereyra 1; Los Quiroga 2; Los Ralos 1; Los Romanos 1; Los Telares 1; Malbran 3; Malota 1; Mansupa 2; Maquito 2; Medellin 3; Monte Quemado 6; Nueva Esperanza 22; Nueva Francia 7; Palo Borracho 1; Pampa de los Guanacos 5; Pampa Muyoj 1; Pinto 1; Pozo Hondo 7; Pozo Guaschi 1; Puesto de Diaz 1; Puesto de Juanes 1; Puesto del Medio 1; Quebracho Coto 1; Quimili 2; Real Sayana 9; Sabagasta 1; Sachayoj 1; Saladillo 1; San Agustin 1; San Antonio 1; San Jose 1; San Pablo 1; San Pedro 5; San Pedro de Guasayan 6; Santa Ana 1; Santa Catalina 1; Santa Maria 4; Santos Lugares 10; Sauce Bajada 1; Sauce Solo 2; Selva 3; Se\u00f1ora Pujio 1; Sinchi Ca\u00f1a 1; Sol de Julio 8; Sumampa 42; Suncho Corral 18; Suri Yacu 1; Tajamar 1; Tasigasta 1; Termas 162; Tintina 18; Tomas Young 1; Upianita 1; Vaca Hua\u00f1una 3; Villa Atamisqui 24; Villa Brana 1; Villa Figueroa 1; Villa La Punta 2; Villa Nueva 1; Villa Ojo de Agua 2; Villa Salavina 8; Villa Zanjon 11; Vilmer 2; Vinara 2; Vuelta de la Barranca 5<\/strong><br><\/p>\n\n\n\n<p>Permanecen activos quince mil novecientos dos (15.902) casos en la provincia.<br><\/p>\n\n\n\n<p>El total de casos positivos acumulados es de noventa y nueve mil setecientos dos (99.702)<br><\/p>\n\n\n\n<p>Se descartaron dos mil ciento treinta y cuatro (2.134) casos el d\u00eda de hoy, por lo que hay trescientos treinta y dos mil novecientos noventa y siete (332.997) casos descartados a la fecha.<br><\/p>\n\n\n\n<p><strong>Importante<\/strong>: La diferencia de casos acumulados, y difundidos en el informe nacional, obedece a diferentes horarios de carga, y a santiague\u00f1os que residen en otras provincias pero que no tienen realizado el cambio de domicilio legal en su DNI. Se ha solicitado el correspondiente pedido de reclasificaci\u00f3n de los casos excedentes cargados para nuestra provincia.<br><\/p>\n\n\n\n<p>TODAS las personas notificadas como positivas de COVID y sus contactos estrechos convivientes, que cuentan con su esquema completo de vacunaci\u00f3n para COVID, DEBEN realizar AISLAMIENTO SANITARIO OBLIGATORIO de 7 d\u00edas.<br><\/p>\n\n\n\n<p>TODAS las personas que son contactos estrechos NO convivientes, que cuentan con su esquema completo de vacunaci\u00f3n para COVID, DEBEN realizar AISLAMIENTO SANITARIO OBLIGATORIO de 5 d\u00edas.<br><\/p>\n\n\n\n<p>TODAS las personas notificadas como positivo de COVID y los contactos estrechos que NO est\u00e9n vacunados o tengan su esquema incompleto de vacuna contra COVID, DEBEN realizar AISLAMIENTO SANITARIO OBLIGATORIO de 10 d\u00edas.<br><\/p>\n\n\n\n<p>Durante el aislamiento sanitario las personas no pueden salir de su hogar ni recibir visitas y deben cumplir con las medidas de prevenci\u00f3n indicadas por las autoridades sanitarias.<br><\/p>\n\n\n\n<p>Ante la presencia de fiebre mayor o igual a 37,5 \u00b0 y s\u00edntomas respiratorios como tos, dolor de garganta, dificultad para respirar, adem\u00e1s de falta de gusto y olfato de reciente aparici\u00f3n, y tambi\u00e9n cefalea, diarrea y \/ o v\u00f3mitos o al haber estado en contacto con un caso confirmado, se insta a la poblaci\u00f3n a que haga un contacto de inmediato con el sistema de salud contact\u00e1ndose con su centro de salud m\u00e1s cercano o comunic\u00e1ndose al 107 y evite el contacto social<br><\/p>\n\n\n\n<p>Tambi\u00e9n se recuerda que se realiza el hisopado a las personas con s\u00edntomas compatibles de COVID-19<br><\/p>\n\n\n\n<p>Recordemos continuar respetando las medidas de uso de barbijo, distancia f\u00edsica, ventilar los ambientes y lavarnos frecuentemente las manos con agua y jab\u00f3n.<br><\/p>\n","protected":false},"excerpt":{"rendered":"<p>Es el n\u00famero m\u00e1s alto de contagios desde que comenz\u00f3 la pandemia, seg\u00fan el Informe del Ministerio de Salud de la provincia de Santiago del Estero.<\/p>\n","protected":false},"author":2,"featured_media":31938,"comment_status":"open","ping_status":"open","sticky":false,"template":"","format":"standard","meta":{"om_disable_all_campaigns":false,"_monsterinsights_skip_tracking":false,"_monsterinsights_sitenote_active":false,"_monsterinsights_sitenote_note":"","_monsterinsights_sitenote_category":0,"_uf_show_specific_survey":0,"_uf_disable_surveys":false,"jetpack_post_was_ever_published":false,"_jetpack_newsletter_access":"","_jetpack_dont_email_post_to_subs":false,"_jetpack_newsletter_tier_id":0,"_jetpack_memberships_contains_paywalled_content":false,"_jetpack_memberships_contains_paid_content":false,"footnotes":"","jetpack_publicize_message":"","jetpack_publicize_feature_enabled":true,"jetpack_social_post_already_shared":false,"jetpack_social_options":{"image_generator_settings":{"template":"highway","default_image_id":0,"font":"","enabled":false},"version":2}},"categories":[3],"tags":[],"class_list":["post-32715","post","type-post","status-publish","format-standard","has-post-thumbnail","hentry","category-salud"],"aioseo_notices":[],"views":18,"jetpack_publicize_connections":[],"jetpack_featured_media_url":"https:\/\/i0.wp.com\/elterritorialweb.com.ar\/web\/wp-content\/uploads\/2021\/12\/reporte-diario-27-de-diciembre.jpg?fit=1600%2C1067&ssl=1","jetpack_sharing_enabled":true,"_links":{"self":[{"href":"https:\/\/elterritorialweb.com.ar\/web\/wp-json\/wp\/v2\/posts\/32715","targetHints":{"allow":["GET"]}}],"collection":[{"href":"https:\/\/elterritorialweb.com.ar\/web\/wp-json\/wp\/v2\/posts"}],"about":[{"href":"https:\/\/elterritorialweb.com.ar\/web\/wp-json\/wp\/v2\/types\/post"}],"author":[{"embeddable":true,"href":"https:\/\/elterritorialweb.com.ar\/web\/wp-json\/wp\/v2\/users\/2"}],"replies":[{"embeddable":true,"href":"https:\/\/elterritorialweb.com.ar\/web\/wp-json\/wp\/v2\/comments?post=32715"}],"version-history":[{"count":2,"href":"https:\/\/elterritorialweb.com.ar\/web\/wp-json\/wp\/v2\/posts\/32715\/revisions"}],"predecessor-version":[{"id":32718,"href":"https:\/\/elterritorialweb.com.ar\/web\/wp-json\/wp\/v2\/posts\/32715\/revisions\/32718"}],"wp:featuredmedia":[{"embeddable":true,"href":"https:\/\/elterritorialweb.com.ar\/web\/wp-json\/wp\/v2\/media\/31938"}],"wp:attachment":[{"href":"https:\/\/elterritorialweb.com.ar\/web\/wp-json\/wp\/v2\/media?parent=32715"}],"wp:term":[{"taxonomy":"category","embeddable":true,"href":"https:\/\/elterritorialweb.com.ar\/web\/wp-json\/wp\/v2\/categories?post=32715"},{"taxonomy":"post_tag","embeddable":true,"href":"https:\/\/elterritorialweb.com.ar\/web\/wp-json\/wp\/v2\/tags?post=32715"}],"curies":[{"name":"wp","href":"https:\/\/api.w.org\/{rel}","templated":true}]}}