{"id":32719,"date":"2022-01-13T05:10:36","date_gmt":"2022-01-13T05:10:36","guid":{"rendered":"http:\/\/elterritorialweb.com.ar\/web\/?p=32719"},"modified":"2022-01-13T05:10:36","modified_gmt":"2022-01-13T05:10:36","slug":"fuentes-superviso-el-avance-de-la-obra-de-la-plazoleta-washington-abalos","status":"publish","type":"post","link":"https:\/\/elterritorialweb.com.ar\/web\/fuentes-superviso-el-avance-de-la-obra-de-la-plazoleta-washington-abalos\/","title":{"rendered":"FUENTES SUPERVIS\u00d3 EL AVANCE DE LA OBRA DE LA PLAZOLETA WASHINGTON \u00c1BALOS"},"content":{"rendered":"\n<p><br>Acompa\u00f1ada por los secretarios de Coordinaci\u00f3n, Dra. Alejandra Yoshitake y de Planeamiento, Obras y Servicios P\u00fablicos, Arq. Marcelo Vila, y otros funcionarios, la jefa comunal recorri\u00f3 el predio y analiz\u00f3 el desarrollo t\u00e9cnico del proyecto.<br>La Ing. Fuentes destac\u00f3 que se trabaja en la renovaci\u00f3n de la plazoleta que oportunamente fue construida en un terreno donado por un vecino de la ciudad y que como en todos los espacios verdes que son intervenidos por el municipio la premisa es mantener las especies arb\u00f3reas, y sumarle nuevas plantaciones.<br>\u201cVamos a incorporar una pista salud, espacio para ni\u00f1os con pisos de caucho, nuevas caminerias, iluminaci\u00f3n con tecnolog\u00eda LED, un sistema de riego por aspersi\u00f3n y sectores de merenderos para las familias, d\u00e1ndole una utilidad integral a estos espacios verdes\u201d, indic\u00f3 la intendente.<br>Entre los objetivos de la obra tambi\u00e9n est\u00e1n lograr una mejor calidad ambiental, confort y fluidez en su circulaci\u00f3n y mejorar y potenciar la imagen urbana.<br>Otras de las caracter\u00edsticas son que la plaza contar\u00e1 con dos accesos por calle Los Pinos y calle Los Fresnos, que se encuentran marcados por escalinatas y rampas, eliminando as\u00ed barreras urban\u00edsticas.<br>La obra de enmarca en el programa de ampliaci\u00f3n y mejoras de espacios verdes del municipio por el cual, se ejecutan trabajos similares en los barrios Villa del Carmen, Lomas del Golf, Alberdi, Centro, entre otros. Mientras que durante el a\u00f1o pasado se inauguraron plazas en los barrios Mariano Moreno, 750 Viviendas y Saint Germ\u00e9s.<\/p>\n","protected":false},"excerpt":{"rendered":"<p>Dentro de sus actividades, la intendente de la Capital, Ing. Norma Fuentes, supervis\u00f3 el avance de la obra de puesta en valor de la plazoleta Jorge Washington \u00c1balos, en el barrio Jard\u00edn, la que contar\u00e1 con nuevos espacios infantiles y zona de actividades f\u00edsicas.<\/p>\n","protected":false},"author":2,"featured_media":32720,"comment_status":"open","ping_status":"open","sticky":false,"template":"","format":"standard","meta":{"om_disable_all_campaigns":false,"_monsterinsights_skip_tracking":false,"_monsterinsights_sitenote_active":false,"_monsterinsights_sitenote_note":"","_monsterinsights_sitenote_category":0,"_uf_show_specific_survey":0,"_uf_disable_surveys":false,"jetpack_post_was_ever_published":false,"_jetpack_newsletter_access":"","_jetpack_dont_email_post_to_subs":false,"_jetpack_newsletter_tier_id":0,"_jetpack_memberships_contains_paywalled_content":false,"_jetpack_memberships_contains_paid_content":false,"footnotes":"","jetpack_publicize_message":"","jetpack_publicize_feature_enabled":true,"jetpack_social_post_already_shared":false,"jetpack_social_options":{"image_generator_settings":{"template":"highway","default_image_id":0,"font":"","enabled":false},"version":2}},"categories":[21],"tags":[],"class_list":["post-32719","post","type-post","status-publish","format-standard","has-post-thumbnail","hentry","category-locales"],"aioseo_notices":[],"views":8,"jetpack_publicize_connections":[],"jetpack_featured_media_url":"https:\/\/i0.wp.com\/elterritorialweb.com.ar\/web\/wp-content\/uploads\/2022\/01\/FB_IMG_1642050492379.jpg?fit=719%2C480&ssl=1","jetpack_sharing_enabled":true,"_links":{"self":[{"href":"https:\/\/elterritorialweb.com.ar\/web\/wp-json\/wp\/v2\/posts\/32719","targetHints":{"allow":["GET"]}}],"collection":[{"href":"https:\/\/elterritorialweb.com.ar\/web\/wp-json\/wp\/v2\/posts"}],"about":[{"href":"https:\/\/elterritorialweb.com.ar\/web\/wp-json\/wp\/v2\/types\/post"}],"author":[{"embeddable":true,"href":"https:\/\/elterritorialweb.com.ar\/web\/wp-json\/wp\/v2\/users\/2"}],"replies":[{"embeddable":true,"href":"https:\/\/elterritorialweb.com.ar\/web\/wp-json\/wp\/v2\/comments?post=32719"}],"version-history":[{"count":1,"href":"https:\/\/elterritorialweb.com.ar\/web\/wp-json\/wp\/v2\/posts\/32719\/revisions"}],"predecessor-version":[{"id":32721,"href":"https:\/\/elterritorialweb.com.ar\/web\/wp-json\/wp\/v2\/posts\/32719\/revisions\/32721"}],"wp:featuredmedia":[{"embeddable":true,"href":"https:\/\/elterritorialweb.com.ar\/web\/wp-json\/wp\/v2\/media\/32720"}],"wp:attachment":[{"href":"https:\/\/elterritorialweb.com.ar\/web\/wp-json\/wp\/v2\/media?parent=32719"}],"wp:term":[{"taxonomy":"category","embeddable":true,"href":"https:\/\/elterritorialweb.com.ar\/web\/wp-json\/wp\/v2\/categories?post=32719"},{"taxonomy":"post_tag","embeddable":true,"href":"https:\/\/elterritorialweb.com.ar\/web\/wp-json\/wp\/v2\/tags?post=32719"}],"curies":[{"name":"wp","href":"https:\/\/api.w.org\/{rel}","templated":true}]}}