{"id":32723,"date":"2022-01-13T14:27:48","date_gmt":"2022-01-13T14:27:48","guid":{"rendered":"http:\/\/elterritorialweb.com.ar\/web\/?p=32723"},"modified":"2022-01-13T14:27:49","modified_gmt":"2022-01-13T14:27:49","slug":"messi-no-seria-convocado-a-la-seleccion-para-los-proximos-partidos-de-eliminatorias","status":"publish","type":"post","link":"https:\/\/elterritorialweb.com.ar\/web\/messi-no-seria-convocado-a-la-seleccion-para-los-proximos-partidos-de-eliminatorias\/","title":{"rendered":"MESSI NO SER\u00cdA CONVOCADO A LA SELECCI\u00d3N PARA LOS PR\u00d3XIMOS PARTIDOS DE ELIMINATORIAS"},"content":{"rendered":"\n<p>Lionel Messi, capit\u00e1n del seleccionado argentino, no ser\u00eda convocado para los para los pr\u00f3ximos dos partidos de Eliminatorias Sudamericanas contra Chile y Colombia por un acuerdo entre Paris Saint Germain y la Asociaci\u00f3n del F\u00fatbol Argentino (AFA), seg\u00fan adelant\u00f3 este jueves la prensa espa\u00f1ola.<\/p>\n\n\n\n<p><strong>El diario Mundo Deportivo asegur\u00f3 que PSG pact\u00f3 con Argentina y Brasil que Messi y Neymar, estrellas del equipo franc\u00e9s, no viajen a la doble fecha<\/strong>&nbsp;que se disputar\u00e1 entre el 27 de enero y el 1 de febrero.<\/p>\n\n\n\n<p>Seg\u00fan la informaci\u00f3n del medio catal\u00e1n,&nbsp;<strong>Messi ser\u00eda el \u00fanico de Argentina que no ser\u00eda liberado ya que \u00c1ngel Di Mar\u00eda y Leandro Paredes formar\u00e1n parte del plantel conducido por Lionel Scaloni.<\/strong><\/p>\n\n\n\n<p>El punto de acuerdo entre PSG y AFA fue la necesidad de un descanso para Messi, quien todav\u00eda no se reincorpor\u00f3 a los entrenamientos con normalidad tras haber contra\u00eddo el coronavirus.<\/p>\n\n\n\n<p><strong>El equipo de Mauricio Pochettino tiene como m\u00e1ximo objetivo la serie de octavos de final de la Liga de Campeones de Europa ante Real Madrid<\/strong>&nbsp;y necesita a Messi en su mejor estado f\u00edsico y futbol\u00edstico.<\/p>\n\n\n\n<p>La ida se jugar\u00e1 el 15 de febrero en Par\u00eds y la revancha, el 9 de marzo, en Madrid.<\/p>\n","protected":false},"excerpt":{"rendered":"<p>El punto de acuerdo entre PSG y AFA fue la necesidad de un descanso para el capit\u00e1n del conjunto albiceleste, quien todav\u00eda no se reincorpor\u00f3 a los entrenamientos con normalidad tras haber contra\u00eddo el coronavirus.<\/p>\n","protected":false},"author":2,"featured_media":32724,"comment_status":"open","ping_status":"open","sticky":false,"template":"","format":"standard","meta":{"om_disable_all_campaigns":false,"_monsterinsights_skip_tracking":false,"_monsterinsights_sitenote_active":false,"_monsterinsights_sitenote_note":"","_monsterinsights_sitenote_category":0,"_uf_show_specific_survey":0,"_uf_disable_surveys":false,"jetpack_post_was_ever_published":false,"_jetpack_newsletter_access":"","_jetpack_dont_email_post_to_subs":false,"_jetpack_newsletter_tier_id":0,"_jetpack_memberships_contains_paywalled_content":false,"_jetpack_memberships_contains_paid_content":false,"footnotes":"","jetpack_publicize_message":"","jetpack_publicize_feature_enabled":true,"jetpack_social_post_already_shared":false,"jetpack_social_options":{"image_generator_settings":{"template":"highway","default_image_id":0,"font":"","enabled":false},"version":2}},"categories":[6],"tags":[],"class_list":["post-32723","post","type-post","status-publish","format-standard","has-post-thumbnail","hentry","category-deportes"],"aioseo_notices":[],"views":12,"jetpack_publicize_connections":[],"jetpack_featured_media_url":"https:\/\/i0.wp.com\/elterritorialweb.com.ar\/web\/wp-content\/uploads\/2022\/01\/XXKNUSEL5VDTDHOW2X6NV3FOGM.jpg?fit=984%2C655&ssl=1","jetpack_sharing_enabled":true,"_links":{"self":[{"href":"https:\/\/elterritorialweb.com.ar\/web\/wp-json\/wp\/v2\/posts\/32723","targetHints":{"allow":["GET"]}}],"collection":[{"href":"https:\/\/elterritorialweb.com.ar\/web\/wp-json\/wp\/v2\/posts"}],"about":[{"href":"https:\/\/elterritorialweb.com.ar\/web\/wp-json\/wp\/v2\/types\/post"}],"author":[{"embeddable":true,"href":"https:\/\/elterritorialweb.com.ar\/web\/wp-json\/wp\/v2\/users\/2"}],"replies":[{"embeddable":true,"href":"https:\/\/elterritorialweb.com.ar\/web\/wp-json\/wp\/v2\/comments?post=32723"}],"version-history":[{"count":1,"href":"https:\/\/elterritorialweb.com.ar\/web\/wp-json\/wp\/v2\/posts\/32723\/revisions"}],"predecessor-version":[{"id":32725,"href":"https:\/\/elterritorialweb.com.ar\/web\/wp-json\/wp\/v2\/posts\/32723\/revisions\/32725"}],"wp:featuredmedia":[{"embeddable":true,"href":"https:\/\/elterritorialweb.com.ar\/web\/wp-json\/wp\/v2\/media\/32724"}],"wp:attachment":[{"href":"https:\/\/elterritorialweb.com.ar\/web\/wp-json\/wp\/v2\/media?parent=32723"}],"wp:term":[{"taxonomy":"category","embeddable":true,"href":"https:\/\/elterritorialweb.com.ar\/web\/wp-json\/wp\/v2\/categories?post=32723"},{"taxonomy":"post_tag","embeddable":true,"href":"https:\/\/elterritorialweb.com.ar\/web\/wp-json\/wp\/v2\/tags?post=32723"}],"curies":[{"name":"wp","href":"https:\/\/api.w.org\/{rel}","templated":true}]}}