{"id":32726,"date":"2022-01-13T14:36:11","date_gmt":"2022-01-13T14:36:11","guid":{"rendered":"http:\/\/elterritorialweb.com.ar\/web\/?p=32726"},"modified":"2022-01-13T14:36:15","modified_gmt":"2022-01-13T14:36:15","slug":"el-gobierno-tomara-medidas-para-el-consumo-electrico","status":"publish","type":"post","link":"https:\/\/elterritorialweb.com.ar\/web\/el-gobierno-tomara-medidas-para-el-consumo-electrico\/","title":{"rendered":"EL GOBIERNO TOMAR\u00c1 \u00abMEDIDAS PARA EL CONSUMO EL\u00c9CTRICO\u00bb"},"content":{"rendered":"\n<p>El Gobierno tomar\u00e1 \u00ab<strong>medidas para disminuir el consumo el\u00e9ctrico<\/strong>\u00ab, en el marco de un di\u00e1logo \u00abprofundo y minucioso\u00bb con las grandes empresas, que concentran un alto porcentaje de la demanda, al tiempo que consider\u00f3 que los aumentos de las tarifas de los servicios p\u00fablicos \u00abest\u00e1n desacoplados\u00bb de las inversiones de las concesionarias.<\/p>\n\n\n\n<p>As\u00ed lo se\u00f1al\u00f3 la portavoz presidencial,\u00a0<strong>Gabriela Cerruti<\/strong>, en la conferencia de prensa de los jueves, en la que se refiri\u00f3 tanto a la decisi\u00f3n oficial de disponer\u00a0asueto para la Administraci\u00f3n P\u00fablica Nacional este jueves y viernes a partir del mediod\u00eda, como a la necesidad de una disminuci\u00f3n del consumo por parte de los grandes usuarios en medio de la ola de calor.<\/p>\n\n\n\n<p>Cerruti atribuy\u00f3 las motivaciones del decreto 16\/22 a \u00abbuenas razones\u00bb, como el&nbsp;<strong>incremento del consumo por el crecimiento econ\u00f3mico<\/strong>; y a \u00abmalas razones\u00bb, por la ola de calor y las previsiones de marcas de temperatura que en algunas partes de la Argentina podr\u00edan llegar a niveles r\u00e9cord.<\/p>\n\n\n\n<p>Por otra parte,&nbsp;<strong>pidi\u00f3 \u00abdesacoplar\u00bb los cortes del suministro el\u00e9ctrico de los \u00faltimos d\u00edas y las inversiones que deben realizar las empresas prestadoras del servicio de la decisi\u00f3n oficial de aumentar las tarifas<\/strong>.<\/p>\n\n\n\n<p>\u00abSi no, hubi\u00e9ramos tenido inversiones durante la Presidencia de (Mauricio) Macri, que les dio aumentos por m\u00e1s del 3.000%\u00bb, se\u00f1al\u00f3.<\/p>\n\n\n\n<p>La portavoz indic\u00f3 que a ra\u00edz del aumento del consumo previsto, las estimaciones de los especialistas dan cuenta de una utilizaci\u00f3n r\u00e9cord de la potencia instalada que podr\u00eda \u00abtener un requerimiento de 28.800\u00bb megavatios, un nivel \u00abm\u00e1s elevado\u00bb que el del martes pasado.<\/p>\n\n\n\n<p>Ese d\u00eda, a las 13.10, se registr\u00f3 el r\u00e9cord de potencia de 27.234 MW, seg\u00fan el informe de la Compa\u00f1\u00eda Administradora del Mercado Mayorista El\u00e9ctrico (Cammesa).<\/p>\n\n\n\n<p>Cerruti puso de manifiesto&nbsp;<strong>el peso de los grandes usuarios en la demanda total de energ\u00eda el\u00e9ctrica, y se\u00f1al\u00f3 que representan aproximadamente 10.000 de los 28.000 MW<\/strong>&nbsp;que se prev\u00e9 alcanzar en el curso de la tarde de este jueves y el viernes<\/p>\n\n\n\n<p>Por tal raz\u00f3n, remarc\u00f3 la importancia del&nbsp;<strong>\u00abdi\u00e1logo profundo y minucioso\u00bb con las c\u00e1maras empresarias representativas de esos sectores<\/strong>, entre las que mencion\u00f3 a la Uni\u00f3n Industrial Argentina (UIA) y a la Asociaci\u00f3n de Industriales Metal\u00fargicos (Adimra).<\/p>\n\n\n\n<p>Del mismo modo, llam\u00f3 al consumo responsable de los usuarios en general de casas particulares y edificios.<\/p>\n\n\n\n<p>Por \u00faltimo,&nbsp;<strong>remarc\u00f3 la responsabilidad de las empresas concesionarias de la \u00f3rbita nacional Edesur y Edenor<\/strong>, adem\u00e1s de recordar que el Ente Nacional Regulador de la Electricidad (ENRE) \u00abest\u00e1 pidiendo m\u00e1s respuestas\u00bb a la primera de las compa\u00f1\u00edas por el corte del martes 11 de enero, ya que en el Gobierno \u00abno nos quedamos conformes\u00bb con la explicaci\u00f3n, afirm\u00f3.<\/p>\n","protected":false},"excerpt":{"rendered":"<p>La portavoz de la Presidencia afirm\u00f3 que hay \u201cuna gran demanda de energ\u00eda por la reactivaci\u00f3n econ\u00f3mica\u201d. Puso de manifiesto el peso de los grandes usuarios en la demanda total de energ\u00eda el\u00e9ctrica y remarc\u00f3 la importancia del \u00abdi\u00e1logo profundo y minucioso\u00bb con las c\u00e1maras empresarias<\/p>\n","protected":false},"author":2,"featured_media":32727,"comment_status":"open","ping_status":"open","sticky":false,"template":"","format":"standard","meta":{"om_disable_all_campaigns":false,"_monsterinsights_skip_tracking":false,"_monsterinsights_sitenote_active":false,"_monsterinsights_sitenote_note":"","_monsterinsights_sitenote_category":0,"_uf_show_specific_survey":0,"_uf_disable_surveys":false,"jetpack_post_was_ever_published":false,"_jetpack_newsletter_access":"","_jetpack_dont_email_post_to_subs":false,"_jetpack_newsletter_tier_id":0,"_jetpack_memberships_contains_paywalled_content":false,"_jetpack_memberships_contains_paid_content":false,"footnotes":"","jetpack_publicize_message":"","jetpack_publicize_feature_enabled":true,"jetpack_social_post_already_shared":false,"jetpack_social_options":{"image_generator_settings":{"template":"highway","default_image_id":0,"font":"","enabled":false},"version":2}},"categories":[7],"tags":[],"class_list":["post-32726","post","type-post","status-publish","format-standard","has-post-thumbnail","hentry","category-nacionales"],"aioseo_notices":[],"views":9,"jetpack_publicize_connections":[],"jetpack_featured_media_url":"https:\/\/i0.wp.com\/elterritorialweb.com.ar\/web\/wp-content\/uploads\/2022\/01\/04-11-2021_la_portavoz_de_presidencia_gabriela-1024x690-1.jpg?fit=1024%2C690&ssl=1","jetpack_sharing_enabled":true,"_links":{"self":[{"href":"https:\/\/elterritorialweb.com.ar\/web\/wp-json\/wp\/v2\/posts\/32726","targetHints":{"allow":["GET"]}}],"collection":[{"href":"https:\/\/elterritorialweb.com.ar\/web\/wp-json\/wp\/v2\/posts"}],"about":[{"href":"https:\/\/elterritorialweb.com.ar\/web\/wp-json\/wp\/v2\/types\/post"}],"author":[{"embeddable":true,"href":"https:\/\/elterritorialweb.com.ar\/web\/wp-json\/wp\/v2\/users\/2"}],"replies":[{"embeddable":true,"href":"https:\/\/elterritorialweb.com.ar\/web\/wp-json\/wp\/v2\/comments?post=32726"}],"version-history":[{"count":1,"href":"https:\/\/elterritorialweb.com.ar\/web\/wp-json\/wp\/v2\/posts\/32726\/revisions"}],"predecessor-version":[{"id":32728,"href":"https:\/\/elterritorialweb.com.ar\/web\/wp-json\/wp\/v2\/posts\/32726\/revisions\/32728"}],"wp:featuredmedia":[{"embeddable":true,"href":"https:\/\/elterritorialweb.com.ar\/web\/wp-json\/wp\/v2\/media\/32727"}],"wp:attachment":[{"href":"https:\/\/elterritorialweb.com.ar\/web\/wp-json\/wp\/v2\/media?parent=32726"}],"wp:term":[{"taxonomy":"category","embeddable":true,"href":"https:\/\/elterritorialweb.com.ar\/web\/wp-json\/wp\/v2\/categories?post=32726"},{"taxonomy":"post_tag","embeddable":true,"href":"https:\/\/elterritorialweb.com.ar\/web\/wp-json\/wp\/v2\/tags?post=32726"}],"curies":[{"name":"wp","href":"https:\/\/api.w.org\/{rel}","templated":true}]}}