{"id":32730,"date":"2022-01-13T14:47:43","date_gmt":"2022-01-13T14:47:43","guid":{"rendered":"http:\/\/elterritorialweb.com.ar\/web\/?p=32730"},"modified":"2022-01-13T14:48:15","modified_gmt":"2022-01-13T14:48:15","slug":"el-gobierno-dispuso-el-trabajo-a-distancia-para-reducir-el-consumo-e-agua-y-energetico","status":"publish","type":"post","link":"https:\/\/elterritorialweb.com.ar\/web\/el-gobierno-dispuso-el-trabajo-a-distancia-para-reducir-el-consumo-e-agua-y-energetico\/","title":{"rendered":"EL GOBIERNO DISPUSO EL  TRABAJO A DISTANCIA PARA REDUCIR EL CONSUMO DE AGUA Y ENERG\u00c9TICO"},"content":{"rendered":"\n<p>El Gobierno dispuso la modalidad de trabajo remoto o a distancia para jueves y viernes en la administraci\u00f3n p\u00fablica nacional a partir del mediod\u00eda para reducir el consumo de agua y energ\u00e9tico en las dependencias frente a las altas temperaturas.<\/p>\n\n\n\n<p>Lo hizo mediante el decreto 16\/2022, publicado este jueves en el Bolet\u00edn Oficial, firmado por el presidente Alberto Fern\u00e1ndez y el jefe de Gabinete, Juan Manzur.<\/p>\n\n\n\n<p>\u00abA los fines de reducir el consumo de energ\u00eda el\u00e9ctrica,&nbsp;<strong>los d\u00edas 13 y 14 de enero de 2022, a partir de las 12 horas, las y los agentes de todas las jurisdicciones, organismos y entidades del Sector P\u00fablico Nacional deber\u00e1n realizar la prestaci\u00f3n de servicios mediante la modalidad de prestaci\u00f3n de trabajo a distancia<\/strong>, en caso de que ello resulte posible\u00bb.<\/p>\n\n\n\n<p>La norma establece que los empleados deber\u00e1n abstenerse de permanecer o concurrir a sus lugares habituales de trabajo, donde se mantendr\u00e1n \u00ablas guardias necesarias para preservar la continuidad de los servicios esenciales\u00bb.<\/p>\n\n\n\n<p>Quedan expresamente excluidos de los alcances de este decreto el personal de la administraci\u00f3n nacional de Laboratorios e Institutos de Salud \u00abDr. Carlos G. Malbr\u00e1n (ANLIS); las Fuerzas de Seguridad Federales; las Fuerzas Armadas; el Servicio Penitenciario Federal; el personal de Salud y del sistema sanitario; guarda parques nacionales y los del Sistema Federal de Manejo del Fuego.<\/p>\n\n\n\n<p>Tambi\u00e9n quedan excluidos los empleados de la Direcci\u00f3n Nacional de Migraciones; instituciones bancarias y entidades financieras.<\/p>\n\n\n\n<p>En los considerados se remarca que \u00abla reactivaci\u00f3n econ\u00f3mica sostenida experimentada en diversos sectores de la econom\u00eda nacional durante el transcurso del a\u00f1o 2021 y hasta la actualidad ha redundado en un incremento considerable de la demanda energ\u00e9tica\u00bb.<\/p>\n\n\n\n<p>A lo que se suma&nbsp;<strong>\u00abque la temporada estival en la Rep\u00fablica Argentina ha reportado altas temperaturas debido al incremento de las mismas a nivel regional, por directa incidencia del fen\u00f3meno de La Ni\u00f1a, el cual afecta a gran parte del hemisferio Sur de Am\u00e9rica\u00bb.<\/strong><\/p>\n\n\n\n<p>Esto, a\u00f1ade el texto, ha redundado en \u00abuna ola de calor extremo registro de temperaturas superiores a los 40 grados cent\u00edgrados\u00bb al tiempo que \u00abfuentes del Servicio Meteorol\u00f3gico Nacional han pronosticado la llegada de un frente de baja presi\u00f3n que, instalado en esta parte del continente, coadyuvar\u00e1 a que las altas temperaturas se vean incrementadas\u00bb.<\/p>\n","protected":false},"excerpt":{"rendered":"<p>La norma establece que los empleados deber\u00e1n abstenerse de permanecer o concurrir a sus lugares habituales de trabajo, donde se mantendr\u00e1n \u00ablas guardias necesarias para preservar la continuidad de los servicios esenciales\u00bb.<\/p>\n","protected":false},"author":2,"featured_media":32731,"comment_status":"open","ping_status":"open","sticky":false,"template":"","format":"standard","meta":{"om_disable_all_campaigns":false,"_monsterinsights_skip_tracking":false,"_monsterinsights_sitenote_active":false,"_monsterinsights_sitenote_note":"","_monsterinsights_sitenote_category":0,"_uf_show_specific_survey":0,"_uf_disable_surveys":false,"jetpack_post_was_ever_published":false,"_jetpack_newsletter_access":"","_jetpack_dont_email_post_to_subs":false,"_jetpack_newsletter_tier_id":0,"_jetpack_memberships_contains_paywalled_content":false,"_jetpack_memberships_contains_paid_content":false,"footnotes":"","jetpack_publicize_message":"","jetpack_publicize_feature_enabled":true,"jetpack_social_post_already_shared":false,"jetpack_social_options":{"image_generator_settings":{"template":"highway","default_image_id":0,"font":"","enabled":false},"version":2}},"categories":[7],"tags":[],"class_list":["post-32730","post","type-post","status-publish","format-standard","has-post-thumbnail","hentry","category-nacionales"],"aioseo_notices":[],"views":13,"jetpack_publicize_connections":[],"jetpack_featured_media_url":"https:\/\/i0.wp.com\/elterritorialweb.com.ar\/web\/wp-content\/uploads\/2022\/01\/file-20200727-37-592phd.jpg?fit=640%2C436&ssl=1","jetpack_sharing_enabled":true,"_links":{"self":[{"href":"https:\/\/elterritorialweb.com.ar\/web\/wp-json\/wp\/v2\/posts\/32730","targetHints":{"allow":["GET"]}}],"collection":[{"href":"https:\/\/elterritorialweb.com.ar\/web\/wp-json\/wp\/v2\/posts"}],"about":[{"href":"https:\/\/elterritorialweb.com.ar\/web\/wp-json\/wp\/v2\/types\/post"}],"author":[{"embeddable":true,"href":"https:\/\/elterritorialweb.com.ar\/web\/wp-json\/wp\/v2\/users\/2"}],"replies":[{"embeddable":true,"href":"https:\/\/elterritorialweb.com.ar\/web\/wp-json\/wp\/v2\/comments?post=32730"}],"version-history":[{"count":2,"href":"https:\/\/elterritorialweb.com.ar\/web\/wp-json\/wp\/v2\/posts\/32730\/revisions"}],"predecessor-version":[{"id":32733,"href":"https:\/\/elterritorialweb.com.ar\/web\/wp-json\/wp\/v2\/posts\/32730\/revisions\/32733"}],"wp:featuredmedia":[{"embeddable":true,"href":"https:\/\/elterritorialweb.com.ar\/web\/wp-json\/wp\/v2\/media\/32731"}],"wp:attachment":[{"href":"https:\/\/elterritorialweb.com.ar\/web\/wp-json\/wp\/v2\/media?parent=32730"}],"wp:term":[{"taxonomy":"category","embeddable":true,"href":"https:\/\/elterritorialweb.com.ar\/web\/wp-json\/wp\/v2\/categories?post=32730"},{"taxonomy":"post_tag","embeddable":true,"href":"https:\/\/elterritorialweb.com.ar\/web\/wp-json\/wp\/v2\/tags?post=32730"}],"curies":[{"name":"wp","href":"https:\/\/api.w.org\/{rel}","templated":true}]}}