{"id":33187,"date":"2022-01-23T22:16:53","date_gmt":"2022-01-23T22:16:53","guid":{"rendered":"http:\/\/elterritorialweb.com.ar\/web\/?p=33187"},"modified":"2022-01-23T22:16:54","modified_gmt":"2022-01-23T22:16:54","slug":"entregan-herramientas-de-trabajo-a-obreros-municipales-bandenos","status":"publish","type":"post","link":"https:\/\/elterritorialweb.com.ar\/web\/entregan-herramientas-de-trabajo-a-obreros-municipales-bandenos\/","title":{"rendered":"ENTREGAN HERRAMIENTAS DE TRABAJO A OBREROS MUNICIPALES BANDE\u00d1OS"},"content":{"rendered":"\n<p><br>El secretario de Servicios P\u00fablicos, Cristi\u00e1n Mendoza y el subsecretario, Juan Carlos Paz entregaron las herramientas de trabajo a los encargados de los obradores Dorrego, San Carlos, San Fernando- Para\u00edso y Mishqui Mayu.<br>La entrega consisti\u00f3 en escobas, guantes y camisas de color naranja brillante con el logo del municipio impreso para que los empleados sean debidamente identificados.<br>Estas entregan permiten que los empleados realicen sus tareas diarias de mejor manera en condiciones \u00f3ptimas y trabajando por el bienestar del vecino bande\u00f1o, premisas del intendente Pablo Mirolo.<\/p>\n","protected":false},"excerpt":{"rendered":"<p>La Secretar\u00eda de Servicios P\u00fablicos realiz\u00f3 la entrega de elementos de trabajo que ser\u00e1n distribuidos entre los empleados que desarrollan tareas de limpieza en la ciudad.<\/p>\n","protected":false},"author":2,"featured_media":33188,"comment_status":"open","ping_status":"open","sticky":false,"template":"","format":"standard","meta":{"om_disable_all_campaigns":false,"_monsterinsights_skip_tracking":false,"_monsterinsights_sitenote_active":false,"_monsterinsights_sitenote_note":"","_monsterinsights_sitenote_category":0,"_uf_show_specific_survey":0,"_uf_disable_surveys":false,"jetpack_post_was_ever_published":false,"_jetpack_newsletter_access":"","_jetpack_dont_email_post_to_subs":false,"_jetpack_newsletter_tier_id":0,"_jetpack_memberships_contains_paywalled_content":false,"_jetpack_memberships_contains_paid_content":false,"footnotes":"","jetpack_publicize_message":"","jetpack_publicize_feature_enabled":true,"jetpack_social_post_already_shared":false,"jetpack_social_options":{"image_generator_settings":{"template":"highway","default_image_id":0,"font":"","enabled":false},"version":2}},"categories":[21],"tags":[],"class_list":["post-33187","post","type-post","status-publish","format-standard","has-post-thumbnail","hentry","category-locales"],"aioseo_notices":[],"views":3,"jetpack_publicize_connections":[],"jetpack_featured_media_url":"https:\/\/i0.wp.com\/elterritorialweb.com.ar\/web\/wp-content\/uploads\/2022\/01\/IMG-20220123-WA0001.jpg?fit=1280%2C960&ssl=1","jetpack_sharing_enabled":true,"_links":{"self":[{"href":"https:\/\/elterritorialweb.com.ar\/web\/wp-json\/wp\/v2\/posts\/33187","targetHints":{"allow":["GET"]}}],"collection":[{"href":"https:\/\/elterritorialweb.com.ar\/web\/wp-json\/wp\/v2\/posts"}],"about":[{"href":"https:\/\/elterritorialweb.com.ar\/web\/wp-json\/wp\/v2\/types\/post"}],"author":[{"embeddable":true,"href":"https:\/\/elterritorialweb.com.ar\/web\/wp-json\/wp\/v2\/users\/2"}],"replies":[{"embeddable":true,"href":"https:\/\/elterritorialweb.com.ar\/web\/wp-json\/wp\/v2\/comments?post=33187"}],"version-history":[{"count":1,"href":"https:\/\/elterritorialweb.com.ar\/web\/wp-json\/wp\/v2\/posts\/33187\/revisions"}],"predecessor-version":[{"id":33189,"href":"https:\/\/elterritorialweb.com.ar\/web\/wp-json\/wp\/v2\/posts\/33187\/revisions\/33189"}],"wp:featuredmedia":[{"embeddable":true,"href":"https:\/\/elterritorialweb.com.ar\/web\/wp-json\/wp\/v2\/media\/33188"}],"wp:attachment":[{"href":"https:\/\/elterritorialweb.com.ar\/web\/wp-json\/wp\/v2\/media?parent=33187"}],"wp:term":[{"taxonomy":"category","embeddable":true,"href":"https:\/\/elterritorialweb.com.ar\/web\/wp-json\/wp\/v2\/categories?post=33187"},{"taxonomy":"post_tag","embeddable":true,"href":"https:\/\/elterritorialweb.com.ar\/web\/wp-json\/wp\/v2\/tags?post=33187"}],"curies":[{"name":"wp","href":"https:\/\/api.w.org\/{rel}","templated":true}]}}