{"id":33193,"date":"2022-01-23T23:13:57","date_gmt":"2022-01-23T23:13:57","guid":{"rendered":"http:\/\/elterritorialweb.com.ar\/web\/?p=33193"},"modified":"2022-01-23T23:24:52","modified_gmt":"2022-01-23T23:24:52","slug":"sarmiento-no-pudo-ante-general-paz-juniors-que-le-gano-la-primera-semifinal","status":"publish","type":"post","link":"https:\/\/elterritorialweb.com.ar\/web\/sarmiento-no-pudo-ante-general-paz-juniors-que-le-gano-la-primera-semifinal\/","title":{"rendered":"SARMIENTO NO PUDO ANTE GENERAL PAZ JUNIORS QUE LE GAN\u00d3 LA PRIMERA SEMIFINAL"},"content":{"rendered":"\n<p>En el partido correspondiente a la primera semifinal del Torneo Regional Federal Amateur, el profesor fue a buscar el triunfo en tierras cordobesas ante el poeta que se hizo fuerte de local y le gan\u00f3 por la m\u00ednima.<\/p>\n\n\n\n<p>El equipo bande\u00f1o comenz\u00f3 bien parado el partido con una actitud ganadora y ordenado en todas sus filas y mejor plantado que el local,  que ten\u00eda la presi\u00f3n de ser protagonista y quedarse con el triunfo.<\/p>\n\n\n\n<figure class=\"wp-block-image size-full\"><a href=\"https:\/\/i0.wp.com\/elterritorialweb.com.ar\/web\/wp-content\/uploads\/2022\/01\/UB2M6N7T3VGYVHN2W7EK5SJKGA.jpg\"><img data-recalc-dims=\"1\" decoding=\"async\" width=\"382\" height=\"254\" data-src=\"https:\/\/i0.wp.com\/elterritorialweb.com.ar\/web\/wp-content\/uploads\/2022\/01\/UB2M6N7T3VGYVHN2W7EK5SJKGA.jpg?resize=382%2C254\" alt=\"\" class=\"wp-image-33197 lazyload\" data-srcset=\"https:\/\/i0.wp.com\/elterritorialweb.com.ar\/web\/wp-content\/uploads\/2022\/01\/UB2M6N7T3VGYVHN2W7EK5SJKGA.jpg?w=382&amp;ssl=1 382w, https:\/\/i0.wp.com\/elterritorialweb.com.ar\/web\/wp-content\/uploads\/2022\/01\/UB2M6N7T3VGYVHN2W7EK5SJKGA.jpg?resize=300%2C199&amp;ssl=1 300w\" data-sizes=\"(max-width: 382px) 100vw, 382px\" src=\"data:image\/svg+xml;base64,PHN2ZyB3aWR0aD0iMSIgaGVpZ2h0PSIxIiB4bWxucz0iaHR0cDovL3d3dy53My5vcmcvMjAwMC9zdmciPjwvc3ZnPg==\" style=\"--smush-placeholder-width: 382px; --smush-placeholder-aspect-ratio: 382\/254;\" \/><\/a><\/figure>\n\n\n\n<h3 class=\"wp-block-heading\">S\u00cdNTESIS<\/h3>\n\n\n\n<p><strong>Juniors:<\/strong>\u00a0Santiago Dom\u00ednguez; Marco Fermanelli, Nahuel Naval\u00f3n, Francucci y Luca Grenguelli; Esp\u00edndola, David Fern\u00e1ndez, Diego Alborn\u00f3z y Luciano Copetti; Juli\u00e1n Garbino y Agust\u00edn Fazio. DT: C\u00e9sar Zabala<\/p>\n\n\n\n<p><strong>Sarmiento:<\/strong>\u00a0Rafael Santill\u00e1n; Mat\u00edas Noriega, N\u00e9stor G\u00f3mez, Nahuel Gallo y Daniel Tevez; Antonio Ib\u00e1\u00f1ez, Oscar Damato, S\u00e1nchez Arriola y Mario Valdez; Ra\u00fal Lettari y Gregorio Gonz\u00e1lez. El DT es Daniel Veronesse.<\/p>\n","protected":false},"excerpt":{"rendered":"<p>Sarmiento no pudo ante General Paz Juniors que le gan\u00f3 por 1a 0 en C\u00f3rdoba.<\/p>\n","protected":false},"author":2,"featured_media":33194,"comment_status":"open","ping_status":"open","sticky":false,"template":"","format":"standard","meta":{"om_disable_all_campaigns":false,"_monsterinsights_skip_tracking":false,"_monsterinsights_sitenote_active":false,"_monsterinsights_sitenote_note":"","_monsterinsights_sitenote_category":0,"_uf_show_specific_survey":0,"_uf_disable_surveys":false,"jetpack_post_was_ever_published":false,"_jetpack_newsletter_access":"","_jetpack_dont_email_post_to_subs":false,"_jetpack_newsletter_tier_id":0,"_jetpack_memberships_contains_paywalled_content":false,"_jetpack_memberships_contains_paid_content":false,"footnotes":"","jetpack_publicize_message":"","jetpack_publicize_feature_enabled":true,"jetpack_social_post_already_shared":false,"jetpack_social_options":{"image_generator_settings":{"template":"highway","default_image_id":0,"font":"","enabled":false},"version":2}},"categories":[6],"tags":[],"class_list":["post-33193","post","type-post","status-publish","format-standard","has-post-thumbnail","hentry","category-deportes"],"aioseo_notices":[],"views":15,"jetpack_publicize_connections":[],"jetpack_featured_media_url":"https:\/\/i0.wp.com\/elterritorialweb.com.ar\/web\/wp-content\/uploads\/2022\/01\/Screenshot_20220123-1930063.png?fit=868%2C451&ssl=1","jetpack_sharing_enabled":true,"_links":{"self":[{"href":"https:\/\/elterritorialweb.com.ar\/web\/wp-json\/wp\/v2\/posts\/33193","targetHints":{"allow":["GET"]}}],"collection":[{"href":"https:\/\/elterritorialweb.com.ar\/web\/wp-json\/wp\/v2\/posts"}],"about":[{"href":"https:\/\/elterritorialweb.com.ar\/web\/wp-json\/wp\/v2\/types\/post"}],"author":[{"embeddable":true,"href":"https:\/\/elterritorialweb.com.ar\/web\/wp-json\/wp\/v2\/users\/2"}],"replies":[{"embeddable":true,"href":"https:\/\/elterritorialweb.com.ar\/web\/wp-json\/wp\/v2\/comments?post=33193"}],"version-history":[{"count":2,"href":"https:\/\/elterritorialweb.com.ar\/web\/wp-json\/wp\/v2\/posts\/33193\/revisions"}],"predecessor-version":[{"id":33198,"href":"https:\/\/elterritorialweb.com.ar\/web\/wp-json\/wp\/v2\/posts\/33193\/revisions\/33198"}],"wp:featuredmedia":[{"embeddable":true,"href":"https:\/\/elterritorialweb.com.ar\/web\/wp-json\/wp\/v2\/media\/33194"}],"wp:attachment":[{"href":"https:\/\/elterritorialweb.com.ar\/web\/wp-json\/wp\/v2\/media?parent=33193"}],"wp:term":[{"taxonomy":"category","embeddable":true,"href":"https:\/\/elterritorialweb.com.ar\/web\/wp-json\/wp\/v2\/categories?post=33193"},{"taxonomy":"post_tag","embeddable":true,"href":"https:\/\/elterritorialweb.com.ar\/web\/wp-json\/wp\/v2\/tags?post=33193"}],"curies":[{"name":"wp","href":"https:\/\/api.w.org\/{rel}","templated":true}]}}