{"id":33205,"date":"2022-01-24T04:26:24","date_gmt":"2022-01-24T04:26:24","guid":{"rendered":"http:\/\/elterritorialweb.com.ar\/web\/?p=33205"},"modified":"2022-01-24T04:26:25","modified_gmt":"2022-01-24T04:26:25","slug":"la-banda-iniciaran-las-inscripciones-para-el-curso-de-agentes-sanitarios-en-el-atelier-cultural","status":"publish","type":"post","link":"https:\/\/elterritorialweb.com.ar\/web\/la-banda-iniciaran-las-inscripciones-para-el-curso-de-agentes-sanitarios-en-el-atelier-cultural\/","title":{"rendered":"LA BANDA: INICIAR\u00c1N LAS INSCRIPCIONES PARA EL CURSO DE AGENTES SANITARIOS EN EL ATELIER CULTURAL"},"content":{"rendered":"\n<p>El curso de capacitaci\u00f3n y formaci\u00f3n de agente sanitarios destinado a p\u00fablico en general se dictar\u00e1 en las instalaciones del Atelier Cultural, ubicado en la Plaza Mauricio Rojas sobre avenida Besares y las inscripciones se realizar\u00e1n de forma presencial los d\u00edas 9 y 10 de febrero de 18 a 20.<br>Los responsables de la capacitaci\u00f3n destacaron el rol de los agentes sanitarios por el constante contacto que mantienen con los vecinos, convirti\u00e9ndose en un importante servicio a la comunidad.<br>El mismo durar\u00e1 seis meses, con una modalidad virtual y se entregar\u00e1 certificados oficiales y anal\u00edticos. Por mayor informaci\u00f3n e inscripciones, los interesados pueden comunicarse al tel\u00e9fono 3854353658.<\/p>\n","protected":false},"excerpt":{"rendered":"<p>As\u00ed lo informaron desde la comuna bande\u00f1a.<\/p>\n","protected":false},"author":2,"featured_media":33206,"comment_status":"open","ping_status":"open","sticky":false,"template":"","format":"standard","meta":{"om_disable_all_campaigns":false,"_monsterinsights_skip_tracking":false,"_monsterinsights_sitenote_active":false,"_monsterinsights_sitenote_note":"","_monsterinsights_sitenote_category":0,"_uf_show_specific_survey":0,"_uf_disable_surveys":false,"jetpack_post_was_ever_published":false,"_jetpack_newsletter_access":"","_jetpack_dont_email_post_to_subs":false,"_jetpack_newsletter_tier_id":0,"_jetpack_memberships_contains_paywalled_content":false,"_jetpack_memberships_contains_paid_content":false,"footnotes":"","jetpack_publicize_message":"","jetpack_publicize_feature_enabled":true,"jetpack_social_post_already_shared":false,"jetpack_social_options":{"image_generator_settings":{"template":"highway","default_image_id":0,"font":"","enabled":false},"version":2}},"categories":[19],"tags":[],"class_list":["post-33205","post","type-post","status-publish","format-standard","has-post-thumbnail","hentry","category-educacion"],"aioseo_notices":[],"views":53,"jetpack_publicize_connections":[],"jetpack_featured_media_url":"https:\/\/i0.wp.com\/elterritorialweb.com.ar\/web\/wp-content\/uploads\/2022\/01\/IMG-20220123-WA0005.jpg?fit=870%2C716&ssl=1","jetpack_sharing_enabled":true,"_links":{"self":[{"href":"https:\/\/elterritorialweb.com.ar\/web\/wp-json\/wp\/v2\/posts\/33205","targetHints":{"allow":["GET"]}}],"collection":[{"href":"https:\/\/elterritorialweb.com.ar\/web\/wp-json\/wp\/v2\/posts"}],"about":[{"href":"https:\/\/elterritorialweb.com.ar\/web\/wp-json\/wp\/v2\/types\/post"}],"author":[{"embeddable":true,"href":"https:\/\/elterritorialweb.com.ar\/web\/wp-json\/wp\/v2\/users\/2"}],"replies":[{"embeddable":true,"href":"https:\/\/elterritorialweb.com.ar\/web\/wp-json\/wp\/v2\/comments?post=33205"}],"version-history":[{"count":1,"href":"https:\/\/elterritorialweb.com.ar\/web\/wp-json\/wp\/v2\/posts\/33205\/revisions"}],"predecessor-version":[{"id":33207,"href":"https:\/\/elterritorialweb.com.ar\/web\/wp-json\/wp\/v2\/posts\/33205\/revisions\/33207"}],"wp:featuredmedia":[{"embeddable":true,"href":"https:\/\/elterritorialweb.com.ar\/web\/wp-json\/wp\/v2\/media\/33206"}],"wp:attachment":[{"href":"https:\/\/elterritorialweb.com.ar\/web\/wp-json\/wp\/v2\/media?parent=33205"}],"wp:term":[{"taxonomy":"category","embeddable":true,"href":"https:\/\/elterritorialweb.com.ar\/web\/wp-json\/wp\/v2\/categories?post=33205"},{"taxonomy":"post_tag","embeddable":true,"href":"https:\/\/elterritorialweb.com.ar\/web\/wp-json\/wp\/v2\/tags?post=33205"}],"curies":[{"name":"wp","href":"https:\/\/api.w.org\/{rel}","templated":true}]}}