{"id":33221,"date":"2022-01-24T05:54:32","date_gmt":"2022-01-24T05:54:32","guid":{"rendered":"http:\/\/elterritorialweb.com.ar\/web\/?p=33221"},"modified":"2022-01-24T05:54:33","modified_gmt":"2022-01-24T05:54:33","slug":"adrian-suar-hablo-sobre-el-abuso-que-vivio-su-hijo-toto-fue-una-situacion-dura-para-nosotros","status":"publish","type":"post","link":"https:\/\/elterritorialweb.com.ar\/web\/adrian-suar-hablo-sobre-el-abuso-que-vivio-su-hijo-toto-fue-una-situacion-dura-para-nosotros\/","title":{"rendered":"ADRI\u00c1N SUAR HABLO SOBRE EL ABUSO QUE VIVI\u00d3 SU HIJO TOTO \u00abFUE UNA SITUACI\u00d3N DURA PARA NOSOTROS\u00bb"},"content":{"rendered":"\n<p><strong>Adri\u00e1n Suar&nbsp;<\/strong>habl\u00f3 sobre el episodio de abuso que lamentablemente vivi\u00f3 hace muchos a\u00f1os su hijo<strong>&nbsp;Toto Kirzner<\/strong>, y que \u00e9l mismo&nbsp;hab\u00eda contado en octubre del a\u00f1o pasado en&nbsp;<strong>PH, Podemos Hablar.<\/strong><\/p>\n\n\n\n<p><em>\u201cFue un abuso de agarrar, de toquetearlo, no lleg\u00f3 a ser un abuso m\u00e1s profundo como han sufrido algunos chicos o chicas, pero fue para un chico de siete a\u00f1os en un country conocido en Argentina ah\u00ed adentro un jardinero que trabajaba ah\u00ed, que estaba en otras casas\u00bb<\/em>, comenz\u00f3 diciendo Suar en una entrevista con&nbsp;<strong>Marcelo Longobardi&nbsp;<\/strong>en CNN en espa\u00f1ol.<\/p>\n\n\n\n<p>Luego, a\u00f1adi\u00f3:<em>\u00a0\u00abFue una situaci\u00f3n dura que nosotros nos enteramos, lo que fue muy impactante, \u00bfno? Cuando lo cont\u00f3, nosotros ya lo sabemos con la madre dos a\u00f1os antes, pero durante casi 15 a\u00f1os o 14 a\u00f1os no cont\u00f3 nada. Y fue muy fuerte para \u00e9l como lo vivi\u00f3, como tantos chicos que tuvieron ese problema, que uno puede pensar por qu\u00e9 no habl\u00f3\u00bb.<\/em><\/p>\n\n\n\n<p><em>\u00abY no, no habla, con semejante flagelo de ese tipo de personas enfermas (es una enfermedad) que pasa y sigue pasando. Por eso hay que estar muy atento\u201d,&nbsp;<\/em>alert\u00f3.<\/p>\n\n\n\n<p>Y remarc\u00f3: \u201c<em>Nosotros sabemos qui\u00e9n es, nosotros \u00edbamos a iniciar acciones judiciales, despu\u00e9s hablamos con mi hijo y que tambi\u00e9n decidi\u00f3. \u00c9l tiene mucha sabidur\u00eda. Es un pibe muy especial, por su luminosidad y por su manera de vivirlo, pero igualmente como padre estoy atento en los \u00faltimos a\u00f1os a esas cosas que no son gratis. A veces pasan cosas en el seno familiar y vos dec\u00eds \u2018no puedo creer que te pas\u00f3 eso\u2019 y no se sabe, a metros. A veces hay cosas en el mundo de los adultos con los m\u00e1s chicos que no puedo creer que te pas\u00f3 y pasa\u201d,<\/em>&nbsp;manifest\u00f3 enviando un mensaje para concientizar sobre lo vivido por Toto Kirzner.<\/p>\n\n\n\n<p>Ya en el plano profesional,&nbsp;<strong>Adri\u00e1n Suar<\/strong>&nbsp;coment\u00f3 sobre su aspecto polifac\u00e9tico:<em>&nbsp;\u201cYo creo que en mi oficio fui aprendiendo. El actor siempre lo llev\u00e9 desde chico, lo que se arrim\u00f3 fue el productor, que tambi\u00e9n lo llev\u00e9 eso desde muy chico y como consecuencia del productor\u2026 el productor y el director est\u00e1n cerca. Si est\u00e1s muy conectado con tu oficio no es usual, pero ha pasado\u00bb.<\/em><\/p>\n","protected":false},"excerpt":{"rendered":"<p>Adri\u00e1n Suar habl\u00f3 sobre el episodio de abuso que lamentablemente vivi\u00f3 hace muchos a\u00f1os su hijo Toto Kirzner.<\/p>\n","protected":false},"author":2,"featured_media":33222,"comment_status":"open","ping_status":"open","sticky":false,"template":"","format":"standard","meta":{"om_disable_all_campaigns":false,"_monsterinsights_skip_tracking":false,"_monsterinsights_sitenote_active":false,"_monsterinsights_sitenote_note":"","_monsterinsights_sitenote_category":0,"_uf_show_specific_survey":0,"_uf_disable_surveys":false,"jetpack_post_was_ever_published":false,"_jetpack_newsletter_access":"","_jetpack_dont_email_post_to_subs":false,"_jetpack_newsletter_tier_id":0,"_jetpack_memberships_contains_paywalled_content":false,"_jetpack_memberships_contains_paid_content":false,"footnotes":"","jetpack_publicize_message":"","jetpack_publicize_feature_enabled":true,"jetpack_social_post_already_shared":false,"jetpack_social_options":{"image_generator_settings":{"template":"highway","default_image_id":0,"font":"","enabled":false},"version":2}},"categories":[20],"tags":[],"class_list":["post-33221","post","type-post","status-publish","format-standard","has-post-thumbnail","hentry","category-especysociales"],"aioseo_notices":[],"views":6,"jetpack_publicize_connections":[],"jetpack_featured_media_url":"https:\/\/i0.wp.com\/elterritorialweb.com.ar\/web\/wp-content\/uploads\/2022\/01\/Toto-Kirzner.jpg?fit=2000%2C1333&ssl=1","jetpack_sharing_enabled":true,"_links":{"self":[{"href":"https:\/\/elterritorialweb.com.ar\/web\/wp-json\/wp\/v2\/posts\/33221","targetHints":{"allow":["GET"]}}],"collection":[{"href":"https:\/\/elterritorialweb.com.ar\/web\/wp-json\/wp\/v2\/posts"}],"about":[{"href":"https:\/\/elterritorialweb.com.ar\/web\/wp-json\/wp\/v2\/types\/post"}],"author":[{"embeddable":true,"href":"https:\/\/elterritorialweb.com.ar\/web\/wp-json\/wp\/v2\/users\/2"}],"replies":[{"embeddable":true,"href":"https:\/\/elterritorialweb.com.ar\/web\/wp-json\/wp\/v2\/comments?post=33221"}],"version-history":[{"count":1,"href":"https:\/\/elterritorialweb.com.ar\/web\/wp-json\/wp\/v2\/posts\/33221\/revisions"}],"predecessor-version":[{"id":33223,"href":"https:\/\/elterritorialweb.com.ar\/web\/wp-json\/wp\/v2\/posts\/33221\/revisions\/33223"}],"wp:featuredmedia":[{"embeddable":true,"href":"https:\/\/elterritorialweb.com.ar\/web\/wp-json\/wp\/v2\/media\/33222"}],"wp:attachment":[{"href":"https:\/\/elterritorialweb.com.ar\/web\/wp-json\/wp\/v2\/media?parent=33221"}],"wp:term":[{"taxonomy":"category","embeddable":true,"href":"https:\/\/elterritorialweb.com.ar\/web\/wp-json\/wp\/v2\/categories?post=33221"},{"taxonomy":"post_tag","embeddable":true,"href":"https:\/\/elterritorialweb.com.ar\/web\/wp-json\/wp\/v2\/tags?post=33221"}],"curies":[{"name":"wp","href":"https:\/\/api.w.org\/{rel}","templated":true}]}}