{"id":33224,"date":"2022-01-24T14:41:53","date_gmt":"2022-01-24T14:41:53","guid":{"rendered":"http:\/\/elterritorialweb.com.ar\/web\/?p=33224"},"modified":"2022-01-24T14:41:54","modified_gmt":"2022-01-24T14:41:54","slug":"vizzotti-argentina-tiene-hoy-el-745-de-la-poblacion-con-esquema-completo","status":"publish","type":"post","link":"https:\/\/elterritorialweb.com.ar\/web\/vizzotti-argentina-tiene-hoy-el-745-de-la-poblacion-con-esquema-completo\/","title":{"rendered":"VIZZOTTI: \u00abARGENTINA TIENE HOY EL 74,5% DE LA POBLACI\u00d3N CON ESQUEMA COMPLETO\u00bb"},"content":{"rendered":"\n<p>La ministra de Salud,&nbsp;<strong>Carla Vizzotti<\/strong>, advirti\u00f3, durante la&nbsp;<strong>apertura de la 150\u00ba sesi\u00f3n del Consejo Ejecutivo de la Organizaci\u00f3n Mundial de la Salud<\/strong>&nbsp;(OMS), que \u00abhasta que no accedan todos los pa\u00edses a la vacuna no daremos vuelta la p\u00e1gina\u00bb de la pandemia de coronavirus y record\u00f3 que \u00abno es la primera vez que hay inequidad en la distribuci\u00f3n\u00bb de vacunas y tratamientos.<\/p>\n\n\n\n<p>\u00abDespu\u00e9s de mucho esfuerzo,&nbsp;<strong>Argentina tiene hoy el 74,5 por ciento de toda su poblaci\u00f3n con el esquema completo, superando la meta fijada por la OMS. Hay que redoblar los esfuerzos para que cada naci\u00f3n logre ese objetivo<\/strong>\u00ab, sostuvo la ministra frente a sus pares de todo el mundo.<\/p>\n\n\n\n<p>Y se\u00f1al\u00f3 que \u00abno es la primera vez que hay inequidad en la distribuci\u00f3n de las vacunas y tratamientos\u00bb, al recordar que&nbsp;<strong>lo mismo sucedi\u00f3 con los antirretovirales para el VIH o con las vacunas en la pandemia de gripe por H1N1<\/strong>.<\/p>\n\n\n\n<p>Vizzotti indic\u00f3 que \u00abArgentina es uno de los pocos pa\u00edses que avanz\u00f3 con la&nbsp;<strong>estrategia de la vacunaci\u00f3n pedi\u00e1trica<\/strong>\u00bb y detall\u00f3 que actualmente el 77 por ciento de las ni\u00f1as, ni\u00f1os y adolescentes entre 3 y 17 a\u00f1os iniciaron su esquema de vacunaci\u00f3n y el 56 por ciento lo complet\u00f3.<\/p>\n\n\n\n<p>\u00abAdem\u00e1s en octubre de 2021 encaramos la estrategia de refuerzo\u00bb, precis\u00f3 y a\u00f1adi\u00f3 que en el pa\u00eds se evidencia el beneficio de la vacuna \u00abcon una reducci\u00f3n en la hospitalizaci\u00f3n, letalidad y muertes\u00bb.<\/p>\n\n\n\n<p>Como parte de la idea de que la pol\u00edtica sanitaria debe estar basada en la \u00abequidad, cooperaci\u00f3n y solidaridad\u00bb,&nbsp;<strong>la ministra inform\u00f3 que Argentina don\u00f3 m\u00e1s de 5 millones de dosis a pa\u00edses de Am\u00e9rica Latina, Asia y \u00c1frica<\/strong>&nbsp;y enfatiz\u00f3 que \u00abhasta que no accedan a la vacuna todos los pa\u00edses no daremos vuelta la p\u00e1gina\u00bb.<\/p>\n\n\n\n<p>Como parte de la respuesta frente a la pandemia, Vizzotti enumer\u00f3 las acciones tendientes a \u00ab<strong>fortalecer y expandir la producci\u00f3n local\u00bb de vacunas (AstraZeneca y Sputnik)<\/strong>&nbsp;y mencion\u00f3 las&nbsp;<strong>cuatro vacunas nacionales<\/strong>&nbsp;contra el coronavirus que se encuentran en etapa de investigaci\u00f3n y desarrollo.<\/p>\n\n\n\n<p>Adem\u00e1s, se\u00f1al\u00f3 que \u00abla salud mental es un eje clave\u00bb y describi\u00f3 que desde el Estado nacional se impulsa un \u00ababordaje transversal, intersectorial y con enfoque comunitario\u00bb con acciones como planes espec\u00edficos para quienes est\u00e1n en la primera l\u00ednea de atenci\u00f3n en la pandemia o la incorporaci\u00f3n de psicof\u00e1rmacos a los botiquines de Remediar para que puedan ser entregados en la atenci\u00f3n primaria.<\/p>\n\n\n\n<p>\u00abNo hay salud sin salud mental y no hay salud mental sin inclusi\u00f3n social\u00bb, sostuvo.<\/p>\n\n\n\n<p>Luego de su intervenci\u00f3n en el Consejo, la funcionaria mantendr\u00e1 una reuni\u00f3n bilateral con el director general de la OMS,&nbsp;<strong>Tedros Adhanom Ghebreyesus<\/strong>, para hablar de la situaci\u00f3n actual de la pandemia y esbozar una agenda para la postpandemia.<\/p>\n\n\n\n<p>La titular de la cartera sanitaria nacional tambi\u00e9n trabajar\u00e1 con Adhanom Ghebreyesus la agenda 2022-2023, centr\u00e1ndose en el abordaje integral de la salud mental de la poblaci\u00f3n.<\/p>\n\n\n\n<p>Adem\u00e1s, retomar\u00e1 el abordaje integral de las enfermedades cr\u00f3nicas no transmisibles y la importancia de fortalecer las coberturas del Calendario Nacional de Vacunaci\u00f3n en todas las etapas de la vida.<\/p>\n\n\n\n<p>Asimismo, ser\u00e1 de importancia sustancial para Argentina la participaci\u00f3n en el Foro Mundial de Precios Justos, tendiente a favorecer el acceso equitativo a medicamentos y vacunas.<\/p>\n\n\n\n<h3 class=\"wp-block-heading\">Transferencia de tecnolog\u00eda<\/h3>\n\n\n\n<p>Vizzotti tambi\u00e9n actualizar\u00e1 el estado de situaci\u00f3n en relaci\u00f3n al proceso de precalificaci\u00f3n (es decir de la autorizaci\u00f3n de uso de emergencia) de las vacunas Sputnik V y Cansino por parte de la OMS y transmitir\u00e1 la importancia que tiene ese paso para Argentina y para todos los pa\u00edses que cuentan con estas vacunas en su estrategia de vacunaci\u00f3n.<\/p>\n\n\n\n<p>Por \u00faltimo, la funcionaria buscar\u00e1 que la OMS brinde su apoyo al proyecto de resoluci\u00f3n presentado de manera conjunta con Brasil y Sud\u00e1frica para extender hasta 2030 la aplicaci\u00f3n de la Estrategia Mundial y Plan de Acci\u00f3n sobre Salud P\u00fablica, Innovaci\u00f3n y Propiedad Intelectual (2008-2022), lo que posibilitar\u00e1 el sostenimiento y crecimiento de la producci\u00f3n local de productos, tecnolog\u00edas sanitarias y las capacidades cient\u00edficas nacionales mediante mecanismos de transferencia de tecnolog\u00eda y acceso al financiamiento.<\/p>\n\n\n\n<p>La ministra est\u00e1 acompa\u00f1ada por la jefa de gabinete del Ministerio de Salud de la Naci\u00f3n, Sonia Tarragona; la directora nacional de Relaciones Internacionales y representante argentina ante el Consejo Ejecutivo de la OMS, Carla Moretti, y la delegada de la misi\u00f3n permanente ante la OMS, Jimena Schiaffino.<\/p>\n\n\n\n<p>El Consejo Ejecutivo de la OMS est\u00e1 formado por 34 integrantes designados por los Estados Miembro.<\/p>\n\n\n\n<p>El mandato de cada uno tiene una duraci\u00f3n de tres a\u00f1os. Los miembros de las Am\u00e9ricas son Argentina, Colombia, Granada, Guyana, Paraguay y Per\u00fa. Argentina es miembro del Consejo desde 2019 y lo ser\u00e1 hasta fin de 2022.<\/p>\n\n\n\n<p>Dentro de este per\u00edodo, el presente a\u00f1o ocupa la vicepresidencia junto a Afganist\u00e1n, Corea, Austria y Bangladesh. En tanto la presidencia est\u00e1 actualmente a cargo de Kenia.<\/p>\n","protected":false},"excerpt":{"rendered":"<p>La ministra de Salud remarc\u00f3 en la apertura de la 150\u00ba sesi\u00f3n del Consejo Ejecutivo de la Organizaci\u00f3n Mundial de la Salud que \u00abno es la primera vez que hay inequidad en la distribuci\u00f3n\u00bb de vacunas y tratamientos. Resalt\u00f3 que Argentina don\u00f3 m\u00e1s de 5 millones de dosis a otros pa\u00edses.<\/p>\n","protected":false},"author":2,"featured_media":33225,"comment_status":"open","ping_status":"open","sticky":false,"template":"","format":"standard","meta":{"om_disable_all_campaigns":false,"_monsterinsights_skip_tracking":false,"_monsterinsights_sitenote_active":false,"_monsterinsights_sitenote_note":"","_monsterinsights_sitenote_category":0,"_uf_show_specific_survey":0,"_uf_disable_surveys":false,"jetpack_post_was_ever_published":false,"_jetpack_newsletter_access":"","_jetpack_dont_email_post_to_subs":false,"_jetpack_newsletter_tier_id":0,"_jetpack_memberships_contains_paywalled_content":false,"_jetpack_memberships_contains_paid_content":false,"footnotes":"","jetpack_publicize_message":"","jetpack_publicize_feature_enabled":true,"jetpack_social_post_already_shared":false,"jetpack_social_options":{"image_generator_settings":{"template":"highway","default_image_id":0,"font":"","enabled":false},"version":2}},"categories":[18],"tags":[],"class_list":["post-33224","post","type-post","status-publish","format-standard","has-post-thumbnail","hentry","category-politica"],"aioseo_notices":[],"views":5,"jetpack_publicize_connections":[],"jetpack_featured_media_url":"https:\/\/i0.wp.com\/elterritorialweb.com.ar\/web\/wp-content\/uploads\/2022\/01\/vizzotti.jpg?fit=1000%2C585&ssl=1","jetpack_sharing_enabled":true,"_links":{"self":[{"href":"https:\/\/elterritorialweb.com.ar\/web\/wp-json\/wp\/v2\/posts\/33224","targetHints":{"allow":["GET"]}}],"collection":[{"href":"https:\/\/elterritorialweb.com.ar\/web\/wp-json\/wp\/v2\/posts"}],"about":[{"href":"https:\/\/elterritorialweb.com.ar\/web\/wp-json\/wp\/v2\/types\/post"}],"author":[{"embeddable":true,"href":"https:\/\/elterritorialweb.com.ar\/web\/wp-json\/wp\/v2\/users\/2"}],"replies":[{"embeddable":true,"href":"https:\/\/elterritorialweb.com.ar\/web\/wp-json\/wp\/v2\/comments?post=33224"}],"version-history":[{"count":1,"href":"https:\/\/elterritorialweb.com.ar\/web\/wp-json\/wp\/v2\/posts\/33224\/revisions"}],"predecessor-version":[{"id":33226,"href":"https:\/\/elterritorialweb.com.ar\/web\/wp-json\/wp\/v2\/posts\/33224\/revisions\/33226"}],"wp:featuredmedia":[{"embeddable":true,"href":"https:\/\/elterritorialweb.com.ar\/web\/wp-json\/wp\/v2\/media\/33225"}],"wp:attachment":[{"href":"https:\/\/elterritorialweb.com.ar\/web\/wp-json\/wp\/v2\/media?parent=33224"}],"wp:term":[{"taxonomy":"category","embeddable":true,"href":"https:\/\/elterritorialweb.com.ar\/web\/wp-json\/wp\/v2\/categories?post=33224"},{"taxonomy":"post_tag","embeddable":true,"href":"https:\/\/elterritorialweb.com.ar\/web\/wp-json\/wp\/v2\/tags?post=33224"}],"curies":[{"name":"wp","href":"https:\/\/api.w.org\/{rel}","templated":true}]}}