{"id":33390,"date":"2022-01-28T19:56:38","date_gmt":"2022-01-28T19:56:38","guid":{"rendered":"http:\/\/elterritorialweb.com.ar\/web\/?p=33390"},"modified":"2022-01-28T19:56:39","modified_gmt":"2022-01-28T19:56:39","slug":"pinto-implementaran-el-programa-volve-a-la-escuela","status":"publish","type":"post","link":"https:\/\/elterritorialweb.com.ar\/web\/pinto-implementaran-el-programa-volve-a-la-escuela\/","title":{"rendered":"PINTO: IMPLEMENTAR\u00c1N EL PROGRAMA \u00abVOLV\u00c9 A LA ESCUELA\u00bb"},"content":{"rendered":"\n<p>El mismo tiene como finalidad nivelar contenidos para ni\u00f1os y ni\u00f1as que hayan tenido escasa o nula participaci\u00f3n en las clases virtuales durante la pandemia. Tambi\u00e9n para que deseen participar.<\/p>\n\n\n\n<p>Tal como se inform\u00f3, se trabaja a partir de distintos talleres, arte, danza y actividades l\u00fadicas para ni\u00f1os de 3 a 6 a\u00f1os y estar\u00e1n a cargo de los docentes Diego Pineda y Carina Mendoza.<\/p>\n\n\n\n<p>Importante<\/p>\n\n\n\n<p>Para m\u00e1s informaci\u00f3n se puede llamar o enviar WhatsApp a los tel\u00e9fonos 3857-402890\/432307.<\/p>\n","protected":false},"excerpt":{"rendered":"<p>En los pr\u00f3ximos d\u00edas, en el Centro Cultural se pondr\u00e1 en marcha en esta ciudad el Programa \u201cVolv\u00e9 a la Escuela\u201d del Ministerio de Educaci\u00f3n de la Naci\u00f3n, en coordinaci\u00f3n con el Ministerio de Educaci\u00f3n de la provincia y la Municipalidad de Pinto.<\/p>\n","protected":false},"author":2,"featured_media":18496,"comment_status":"open","ping_status":"open","sticky":false,"template":"","format":"standard","meta":{"om_disable_all_campaigns":false,"_monsterinsights_skip_tracking":false,"_monsterinsights_sitenote_active":false,"_monsterinsights_sitenote_note":"","_monsterinsights_sitenote_category":0,"_uf_show_specific_survey":0,"_uf_disable_surveys":false,"jetpack_post_was_ever_published":false,"_jetpack_newsletter_access":"","_jetpack_dont_email_post_to_subs":false,"_jetpack_newsletter_tier_id":0,"_jetpack_memberships_contains_paywalled_content":false,"_jetpack_memberships_contains_paid_content":false,"footnotes":"","jetpack_publicize_message":"","jetpack_publicize_feature_enabled":true,"jetpack_social_post_already_shared":false,"jetpack_social_options":{"image_generator_settings":{"template":"highway","default_image_id":0,"font":"","enabled":false},"version":2}},"categories":[19],"tags":[],"class_list":["post-33390","post","type-post","status-publish","format-standard","has-post-thumbnail","hentry","category-educacion"],"aioseo_notices":[],"views":9,"jetpack_publicize_connections":[],"jetpack_featured_media_url":"https:\/\/i0.wp.com\/elterritorialweb.com.ar\/web\/wp-content\/uploads\/2021\/03\/VUELTA-A-CLASES-SAN-JOSE-DE-CALASANZ-1.jpeg?fit=774%2C1032&ssl=1","jetpack_sharing_enabled":true,"_links":{"self":[{"href":"https:\/\/elterritorialweb.com.ar\/web\/wp-json\/wp\/v2\/posts\/33390","targetHints":{"allow":["GET"]}}],"collection":[{"href":"https:\/\/elterritorialweb.com.ar\/web\/wp-json\/wp\/v2\/posts"}],"about":[{"href":"https:\/\/elterritorialweb.com.ar\/web\/wp-json\/wp\/v2\/types\/post"}],"author":[{"embeddable":true,"href":"https:\/\/elterritorialweb.com.ar\/web\/wp-json\/wp\/v2\/users\/2"}],"replies":[{"embeddable":true,"href":"https:\/\/elterritorialweb.com.ar\/web\/wp-json\/wp\/v2\/comments?post=33390"}],"version-history":[{"count":1,"href":"https:\/\/elterritorialweb.com.ar\/web\/wp-json\/wp\/v2\/posts\/33390\/revisions"}],"predecessor-version":[{"id":33391,"href":"https:\/\/elterritorialweb.com.ar\/web\/wp-json\/wp\/v2\/posts\/33390\/revisions\/33391"}],"wp:featuredmedia":[{"embeddable":true,"href":"https:\/\/elterritorialweb.com.ar\/web\/wp-json\/wp\/v2\/media\/18496"}],"wp:attachment":[{"href":"https:\/\/elterritorialweb.com.ar\/web\/wp-json\/wp\/v2\/media?parent=33390"}],"wp:term":[{"taxonomy":"category","embeddable":true,"href":"https:\/\/elterritorialweb.com.ar\/web\/wp-json\/wp\/v2\/categories?post=33390"},{"taxonomy":"post_tag","embeddable":true,"href":"https:\/\/elterritorialweb.com.ar\/web\/wp-json\/wp\/v2\/tags?post=33390"}],"curies":[{"name":"wp","href":"https:\/\/api.w.org\/{rel}","templated":true}]}}