{"id":33518,"date":"2022-01-31T18:02:04","date_gmt":"2022-01-31T18:02:04","guid":{"rendered":"http:\/\/elterritorialweb.com.ar\/web\/?p=33518"},"modified":"2022-01-31T18:02:04","modified_gmt":"2022-01-31T18:02:04","slug":"la-caranchada-llega-con-su-ritmo-al-festival-de-la-salamanca","status":"publish","type":"post","link":"https:\/\/elterritorialweb.com.ar\/web\/la-caranchada-llega-con-su-ritmo-al-festival-de-la-salamanca\/","title":{"rendered":"LA CARANCHADA LLEGA CON SU RITMO AL FESTIVAL DE LA SALAMANCA"},"content":{"rendered":"\n<p>Los artistas, quienes brindar\u00e1n su show el viernes 4, interpretan un novedoso estilo musical definido por ellos mismos como un g\u00e9nero no espec\u00edfico de m\u00fasica popular , que trasciende a partir de ejecutar desde jazz hasta m\u00fasica acad\u00e9mica europea y m\u00fasica de Latinoam\u00e9rica.<br>En este sentido, los integrantes del grupo Exequiel S\u00e1nchez, Miguel Vivas, Emmanuel Cardozo, Luc\u00eda Sarmiento, Lorena Moyano, Ra\u00fal V\u00e1zquez, Ramiro Ju\u00e1rez Ley, Facundo Montenegro y Emanuel Toscano agradecieron y resaltaron que es su primera actuaci\u00f3n en el Festival Nacional de La Salamanca.<br>De esta manera, la comisi\u00f3n organizadora destaca la incorporaci\u00f3n de agrupaciones de artistas locales a la novedosa cartelera que tendr\u00e1 este a\u00f1o el festival en la cual se incorporaron figuras destacadas del folclore regional y nacional.<\/p>\n","protected":false},"excerpt":{"rendered":"<p>La Organizadora del Festival Nacional de la Salamanca anunci\u00f3 la incorporaci\u00f3n de la agrupaci\u00f3n santiague\u00f1a \u201cLa Caranchada\u201d quienes deleitaran a los presentes en el escenario \u2018Jacinto Piedra\u2019 en una de las memorables noches del festival m\u00e1s importante del norte argentino, sum\u00e1ndose a la cartelera de grandes artistas<\/p>\n","protected":false},"author":2,"featured_media":33519,"comment_status":"open","ping_status":"open","sticky":false,"template":"","format":"standard","meta":{"om_disable_all_campaigns":false,"_monsterinsights_skip_tracking":false,"_monsterinsights_sitenote_active":false,"_monsterinsights_sitenote_note":"","_monsterinsights_sitenote_category":0,"_uf_show_specific_survey":0,"_uf_disable_surveys":false,"jetpack_post_was_ever_published":false,"_jetpack_newsletter_access":"","_jetpack_dont_email_post_to_subs":false,"_jetpack_newsletter_tier_id":0,"_jetpack_memberships_contains_paywalled_content":false,"_jetpack_memberships_contains_paid_content":false,"footnotes":"","jetpack_publicize_message":"","jetpack_publicize_feature_enabled":true,"jetpack_social_post_already_shared":false,"jetpack_social_options":{"image_generator_settings":{"template":"highway","default_image_id":0,"font":"","enabled":false},"version":2}},"categories":[20],"tags":[],"class_list":["post-33518","post","type-post","status-publish","format-standard","has-post-thumbnail","hentry","category-especysociales"],"aioseo_notices":[],"views":19,"jetpack_publicize_connections":[],"jetpack_featured_media_url":"https:\/\/i0.wp.com\/elterritorialweb.com.ar\/web\/wp-content\/uploads\/2022\/01\/IMG-20220131-WA0006.jpg?fit=1000%2C1500&ssl=1","jetpack_sharing_enabled":true,"_links":{"self":[{"href":"https:\/\/elterritorialweb.com.ar\/web\/wp-json\/wp\/v2\/posts\/33518","targetHints":{"allow":["GET"]}}],"collection":[{"href":"https:\/\/elterritorialweb.com.ar\/web\/wp-json\/wp\/v2\/posts"}],"about":[{"href":"https:\/\/elterritorialweb.com.ar\/web\/wp-json\/wp\/v2\/types\/post"}],"author":[{"embeddable":true,"href":"https:\/\/elterritorialweb.com.ar\/web\/wp-json\/wp\/v2\/users\/2"}],"replies":[{"embeddable":true,"href":"https:\/\/elterritorialweb.com.ar\/web\/wp-json\/wp\/v2\/comments?post=33518"}],"version-history":[{"count":1,"href":"https:\/\/elterritorialweb.com.ar\/web\/wp-json\/wp\/v2\/posts\/33518\/revisions"}],"predecessor-version":[{"id":33520,"href":"https:\/\/elterritorialweb.com.ar\/web\/wp-json\/wp\/v2\/posts\/33518\/revisions\/33520"}],"wp:featuredmedia":[{"embeddable":true,"href":"https:\/\/elterritorialweb.com.ar\/web\/wp-json\/wp\/v2\/media\/33519"}],"wp:attachment":[{"href":"https:\/\/elterritorialweb.com.ar\/web\/wp-json\/wp\/v2\/media?parent=33518"}],"wp:term":[{"taxonomy":"category","embeddable":true,"href":"https:\/\/elterritorialweb.com.ar\/web\/wp-json\/wp\/v2\/categories?post=33518"},{"taxonomy":"post_tag","embeddable":true,"href":"https:\/\/elterritorialweb.com.ar\/web\/wp-json\/wp\/v2\/tags?post=33518"}],"curies":[{"name":"wp","href":"https:\/\/api.w.org\/{rel}","templated":true}]}}