{"id":33521,"date":"2022-01-31T18:10:12","date_gmt":"2022-01-31T18:10:12","guid":{"rendered":"http:\/\/elterritorialweb.com.ar\/web\/?p=33521"},"modified":"2022-01-31T18:10:13","modified_gmt":"2022-01-31T18:10:13","slug":"coronavirus-en-santiago-se-confirmaron-45-casos-positivos-y-3-fallecidos-en-la-provincia","status":"publish","type":"post","link":"https:\/\/elterritorialweb.com.ar\/web\/coronavirus-en-santiago-se-confirmaron-45-casos-positivos-y-3-fallecidos-en-la-provincia\/","title":{"rendered":"CORONAVIRUS EN SANTIAGO: SE CONFIRMARON 45 CASOS POSITIVOS Y 3 FALLECIDOS EN LA PROVINCIA"},"content":{"rendered":"\n<p>Se recuperaron doscientos veintinueve (229) casos, por lo que son ciento nueve mil cuarenta y uno (109.041) los casos recuperados en la provincia.<br><\/p>\n\n\n\n<p><strong>Se notific\u00f3 el fallecimiento de tres (3) personas con diagn\u00f3stico de COVID-19 activo. Un hombre de 93 a\u00f1os y un hombre de 64 a\u00f1os con comorbilidades, internados en el sector p\u00fablico. Una mujer de 87 a\u00f1os con comorbilidades, internado en el sector privado.<\/strong><br><\/p>\n\n\n\n<p>Hay un total de mil ciento sesenta y nueve (1.169) personas positivas fallecidas en la provincia.<br><\/p>\n\n\n\n<p>Se procesaron un total de trescientos cuarenta y ocho (348) muestras.<br><\/p>\n\n\n\n<p><strong>Se confirmaron cuarenta y cinco (45) casos positivos de COVID -19 en la provincia, Capital-Banda (29) e interior de la provincia (16): Bandera Bajada 1, Colonia El Simbolar 1, El Bobadal 1, La Linda 1, Los Juries 2, Nueva Esperanza 1, Pozo Hondo 2, Santo Domingo 1, Santos Lugares 1, Sol de Julio 1, Termas 4<\/strong><br><\/p>\n\n\n\n<p>Permanecen activos dos mil setecientos veintiocho (2.728) casos en la provincia.<br><\/p>\n\n\n\n<p>El total de casos positivos acumulados es de ciento quince mil ciento treinta y seis (115.136)<br><\/p>\n\n\n\n<p>Se descartaron trescientos tres (303) casos el d\u00eda de hoy, por lo que hay trescientos cincuenta y tres mil doscientos cincuenta y nueve (353.259) casos descartados a la fecha.<\/p>\n\n\n\n<p><strong>Importante<\/strong>: La diferencia de casos acumulados, y difundidos en el informe nacional, obedece a diferentes horarios de carga, y a santiague\u00f1os que residen en otras provincias pero que no tienen realizado el cambio de domicilio legal en su DNI. Se ha solicitado el correspondiente pedido de reclasificaci\u00f3n de los casos excedentes cargados para nuestra provincia.<br><\/p>\n\n\n\n<p>TODAS las personas notificadas como positivas de COVID y sus contactos estrechos convivientes, que cuentan con su esquema completo de vacunaci\u00f3n para COVID, DEBEN realizar AISLAMIENTO SANITARIO OBLIGATORIO de 7 d\u00edas.<br><\/p>\n\n\n\n<p>TODAS las personas que son contactos estrechos NO convivientes, que cuentan con su esquema completo de vacunaci\u00f3n para COVID, DEBEN realizar AISLAMIENTO SANITARIO OBLIGATORIO de 5 d\u00edas.<br><\/p>\n\n\n\n<p>TODAS las personas notificadas como positivo de COVID y los contactos estrechos que NO est\u00e9n vacunados o tengan su esquema incompleto de vacuna contra COVID, DEBEN realizar AISLAMIENTO SANITARIO OBLIGATORIO de 10 d\u00edas.<br><\/p>\n\n\n\n<p>Durante el aislamiento sanitario las personas no pueden salir de su hogar ni recibir visitas y deben cumplir con las medidas de prevenci\u00f3n indicadas por las autoridades sanitarias.<br><\/p>\n\n\n\n<p>Ante la presencia de fiebre mayor o igual a 37,5 \u00b0 y s\u00edntomas respiratorios como tos, dolor de garganta, dificultad para respirar, adem\u00e1s de falta de gusto y olfato de reciente aparici\u00f3n, y tambi\u00e9n cefalea, diarrea y \/ o v\u00f3mitos o al haber estado en contacto con un caso confirmado, se insta a la poblaci\u00f3n a que haga un contacto de inmediato con el sistema de salud contact\u00e1ndose con su centro de salud m\u00e1s cercano o comunic\u00e1ndose al 107 y evite el contacto social<br><\/p>\n\n\n\n<p>Tambi\u00e9n se recuerda que se realiza el hisopado a las personas con s\u00edntomas compatibles de COVID-19<br><\/p>\n\n\n\n<p>Recordemos continuar respetando las medidas de uso de barbijo, distancia f\u00edsica, ventilar los ambientes y lavarnos frecuentemente las manos con agua y jab\u00f3n.<br><\/p>\n","protected":false},"excerpt":{"rendered":"<p>Informe del Ministerio de Salud de la provincia de Santiago del Estero.<\/p>\n","protected":false},"author":2,"featured_media":33522,"comment_status":"open","ping_status":"open","sticky":false,"template":"","format":"standard","meta":{"om_disable_all_campaigns":false,"_monsterinsights_skip_tracking":false,"_monsterinsights_sitenote_active":false,"_monsterinsights_sitenote_note":"","_monsterinsights_sitenote_category":0,"_uf_show_specific_survey":0,"_uf_disable_surveys":false,"jetpack_post_was_ever_published":false,"_jetpack_newsletter_access":"","_jetpack_dont_email_post_to_subs":false,"_jetpack_newsletter_tier_id":0,"_jetpack_memberships_contains_paywalled_content":false,"_jetpack_memberships_contains_paid_content":false,"footnotes":"","jetpack_publicize_message":"","jetpack_publicize_feature_enabled":true,"jetpack_social_post_already_shared":false,"jetpack_social_options":{"image_generator_settings":{"template":"highway","default_image_id":0,"font":"","enabled":false},"version":2}},"categories":[3],"tags":[],"class_list":["post-33521","post","type-post","status-publish","format-standard","has-post-thumbnail","hentry","category-salud"],"aioseo_notices":[],"views":13,"jetpack_publicize_connections":[],"jetpack_featured_media_url":"https:\/\/i0.wp.com\/elterritorialweb.com.ar\/web\/wp-content\/uploads\/2022\/01\/IMG-20220131-WA0003.jpg?fit=1032%2C774&ssl=1","jetpack_sharing_enabled":true,"_links":{"self":[{"href":"https:\/\/elterritorialweb.com.ar\/web\/wp-json\/wp\/v2\/posts\/33521","targetHints":{"allow":["GET"]}}],"collection":[{"href":"https:\/\/elterritorialweb.com.ar\/web\/wp-json\/wp\/v2\/posts"}],"about":[{"href":"https:\/\/elterritorialweb.com.ar\/web\/wp-json\/wp\/v2\/types\/post"}],"author":[{"embeddable":true,"href":"https:\/\/elterritorialweb.com.ar\/web\/wp-json\/wp\/v2\/users\/2"}],"replies":[{"embeddable":true,"href":"https:\/\/elterritorialweb.com.ar\/web\/wp-json\/wp\/v2\/comments?post=33521"}],"version-history":[{"count":1,"href":"https:\/\/elterritorialweb.com.ar\/web\/wp-json\/wp\/v2\/posts\/33521\/revisions"}],"predecessor-version":[{"id":33523,"href":"https:\/\/elterritorialweb.com.ar\/web\/wp-json\/wp\/v2\/posts\/33521\/revisions\/33523"}],"wp:featuredmedia":[{"embeddable":true,"href":"https:\/\/elterritorialweb.com.ar\/web\/wp-json\/wp\/v2\/media\/33522"}],"wp:attachment":[{"href":"https:\/\/elterritorialweb.com.ar\/web\/wp-json\/wp\/v2\/media?parent=33521"}],"wp:term":[{"taxonomy":"category","embeddable":true,"href":"https:\/\/elterritorialweb.com.ar\/web\/wp-json\/wp\/v2\/categories?post=33521"},{"taxonomy":"post_tag","embeddable":true,"href":"https:\/\/elterritorialweb.com.ar\/web\/wp-json\/wp\/v2\/tags?post=33521"}],"curies":[{"name":"wp","href":"https:\/\/api.w.org\/{rel}","templated":true}]}}