{"id":33524,"date":"2022-01-31T18:28:06","date_gmt":"2022-01-31T18:28:06","guid":{"rendered":"http:\/\/elterritorialweb.com.ar\/web\/?p=33524"},"modified":"2022-01-31T18:28:07","modified_gmt":"2022-01-31T18:28:07","slug":"apertura-de-sobres-para-la-repavimentacion-de-la-ruta-13-bandera-los-juries","status":"publish","type":"post","link":"https:\/\/elterritorialweb.com.ar\/web\/apertura-de-sobres-para-la-repavimentacion-de-la-ruta-13-bandera-los-juries\/","title":{"rendered":"APERTURA DE SOBRES PARA LA REPAVIMENTACI\u00d3N DE LA RUTA 13 BANDERA-LOS JUR\u00cdES"},"content":{"rendered":"\n<p>El proyecto forma parte de un paquete de obras viales impulsado por el gobernador Gerardo Zamora con apoyo nacional.<\/p>\n\n\n\n<p>Como parte del plan de obras viales programadas para este a\u00f1o por el Gobierno de la provincia, se realiz\u00f3 este lunes por la ma\u00f1ana la apertura de sobres de licitaci\u00f3n para la repavimentaci\u00f3n de la ruta 13, en el tramo comprendido entre las ciudades de Bandera (Dpto. Belgrano) y Los Jur\u00edes (Taboada).<\/p>\n\n\n\n<figure class=\"wp-block-image size-full\"><a href=\"https:\/\/i0.wp.com\/elterritorialweb.com.ar\/web\/wp-content\/uploads\/2022\/01\/FB_IMG_1643653317553.jpg\"><img data-recalc-dims=\"1\" decoding=\"async\" width=\"640\" height=\"397\" data-src=\"https:\/\/i0.wp.com\/elterritorialweb.com.ar\/web\/wp-content\/uploads\/2022\/01\/FB_IMG_1643653317553.jpg?resize=640%2C397\" alt=\"\" class=\"wp-image-33525 lazyload\" data-srcset=\"https:\/\/i0.wp.com\/elterritorialweb.com.ar\/web\/wp-content\/uploads\/2022\/01\/FB_IMG_1643653317553.jpg?w=720&amp;ssl=1 720w, https:\/\/i0.wp.com\/elterritorialweb.com.ar\/web\/wp-content\/uploads\/2022\/01\/FB_IMG_1643653317553.jpg?resize=300%2C186&amp;ssl=1 300w\" data-sizes=\"(max-width: 640px) 100vw, 640px\" src=\"data:image\/svg+xml;base64,PHN2ZyB3aWR0aD0iMSIgaGVpZ2h0PSIxIiB4bWxucz0iaHR0cDovL3d3dy53My5vcmcvMjAwMC9zdmciPjwvc3ZnPg==\" style=\"--smush-placeholder-width: 640px; --smush-placeholder-aspect-ratio: 640\/397;\" \/><\/a><\/figure>\n\n\n\n<p>El acto se realiz\u00f3 en Nodo Tecnol\u00f3gico, con la presencia del jefe de Gabinete, El\u00edas Su\u00e1rez, en representaci\u00f3n del gobernador Gerardo Zamora. Tambi\u00e9n estuvieron el subsecretario de Obras P\u00fablicas, Jorge Zua\u00edn; el presidente de Vialidad Provincial, Jos\u00e9 Alfano, y los intendentes de Los Jur\u00edes, Buenaventura Cejas, y de Bandera, Guillermo Novara.<\/p>\n\n\n\n<figure class=\"wp-block-image size-full\"><a href=\"https:\/\/i0.wp.com\/elterritorialweb.com.ar\/web\/wp-content\/uploads\/2022\/01\/FB_IMG_1643653328533.jpg\"><img data-recalc-dims=\"1\" decoding=\"async\" width=\"640\" height=\"388\" data-src=\"https:\/\/i0.wp.com\/elterritorialweb.com.ar\/web\/wp-content\/uploads\/2022\/01\/FB_IMG_1643653328533.jpg?resize=640%2C388\" alt=\"\" class=\"wp-image-33529 lazyload\" data-srcset=\"https:\/\/i0.wp.com\/elterritorialweb.com.ar\/web\/wp-content\/uploads\/2022\/01\/FB_IMG_1643653328533.jpg?w=720&amp;ssl=1 720w, https:\/\/i0.wp.com\/elterritorialweb.com.ar\/web\/wp-content\/uploads\/2022\/01\/FB_IMG_1643653328533.jpg?resize=300%2C182&amp;ssl=1 300w\" data-sizes=\"(max-width: 640px) 100vw, 640px\" src=\"data:image\/svg+xml;base64,PHN2ZyB3aWR0aD0iMSIgaGVpZ2h0PSIxIiB4bWxucz0iaHR0cDovL3d3dy53My5vcmcvMjAwMC9zdmciPjwvc3ZnPg==\" style=\"--smush-placeholder-width: 640px; --smush-placeholder-aspect-ratio: 640\/388;\" \/><\/a><\/figure>\n\n\n\n<p>Tras la apertura de sobres, el jefe de Gabinete destac\u00f3 la importancia de esta obra que forma parte de \u201cuna serie de acciones que son llevadas adelante para propiciar el desarrollo de la provincia a trav\u00e9s del fortalecimiento de la red vial\u201d y que en este caso potenciar\u00e1 el desarrollo de una importante regi\u00f3n productiva, adem\u00e1s de beneficiar a miles de santiague\u00f1os en sus actividades cotidianas y mejoramiento de servicios de salud y educaci\u00f3n a trav\u00e9s de corredores m\u00e1s transitables y seguros.<\/p>\n\n\n\n<figure class=\"wp-block-image size-full\"><a href=\"https:\/\/i0.wp.com\/elterritorialweb.com.ar\/web\/wp-content\/uploads\/2022\/01\/FB_IMG_1643653325732.jpg\"><img data-recalc-dims=\"1\" decoding=\"async\" width=\"640\" height=\"371\" data-src=\"https:\/\/i0.wp.com\/elterritorialweb.com.ar\/web\/wp-content\/uploads\/2022\/01\/FB_IMG_1643653325732.jpg?resize=640%2C371\" alt=\"\" class=\"wp-image-33528 lazyload\" data-srcset=\"https:\/\/i0.wp.com\/elterritorialweb.com.ar\/web\/wp-content\/uploads\/2022\/01\/FB_IMG_1643653325732.jpg?w=719&amp;ssl=1 719w, https:\/\/i0.wp.com\/elterritorialweb.com.ar\/web\/wp-content\/uploads\/2022\/01\/FB_IMG_1643653325732.jpg?resize=300%2C174&amp;ssl=1 300w\" data-sizes=\"(max-width: 640px) 100vw, 640px\" src=\"data:image\/svg+xml;base64,PHN2ZyB3aWR0aD0iMSIgaGVpZ2h0PSIxIiB4bWxucz0iaHR0cDovL3d3dy53My5vcmcvMjAwMC9zdmciPjwvc3ZnPg==\" style=\"--smush-placeholder-width: 640px; --smush-placeholder-aspect-ratio: 640\/371;\" \/><\/a><\/figure>\n\n\n\n<p>Como se recordar\u00e1, este proyecto forma parte de un acuerdo celebrado por el gobernador Zamora con la Naci\u00f3n, que incluye la incluye la repavimentaci\u00f3n de dos tamos de la ruta 7: A\u00f1atuya-Los Jur\u00edes, que ya fue licitado, y Los Jur\u00edes-La Nena (en el l\u00edmite con Santa Fe) que est\u00e1 pronta a licitarse.<\/p>\n\n\n\n<figure class=\"wp-block-image size-full\"><a href=\"https:\/\/i0.wp.com\/elterritorialweb.com.ar\/web\/wp-content\/uploads\/2022\/01\/FB_IMG_1643653323205.jpg\"><img data-recalc-dims=\"1\" decoding=\"async\" width=\"640\" height=\"369\" data-src=\"https:\/\/i0.wp.com\/elterritorialweb.com.ar\/web\/wp-content\/uploads\/2022\/01\/FB_IMG_1643653323205.jpg?resize=640%2C369\" alt=\"\" class=\"wp-image-33527 lazyload\" data-srcset=\"https:\/\/i0.wp.com\/elterritorialweb.com.ar\/web\/wp-content\/uploads\/2022\/01\/FB_IMG_1643653323205.jpg?w=720&amp;ssl=1 720w, https:\/\/i0.wp.com\/elterritorialweb.com.ar\/web\/wp-content\/uploads\/2022\/01\/FB_IMG_1643653323205.jpg?resize=300%2C173&amp;ssl=1 300w\" data-sizes=\"(max-width: 640px) 100vw, 640px\" src=\"data:image\/svg+xml;base64,PHN2ZyB3aWR0aD0iMSIgaGVpZ2h0PSIxIiB4bWxucz0iaHR0cDovL3d3dy53My5vcmcvMjAwMC9zdmciPjwvc3ZnPg==\" style=\"--smush-placeholder-width: 640px; --smush-placeholder-aspect-ratio: 640\/369;\" \/><\/a><\/figure>\n\n\n\n<p>En ese sentido, el Ing. Alfano destac\u00f3 la continuidad del plan que obras viales entre Naci\u00f3n y provincia, que contempla adem\u00e1s la ampliaci\u00f3n de la ruta 9, entre Santiago y Las Termas, cuya pre adjudicaci\u00f3n ya fue remitida; proyecto que tendr\u00e1 un fuerte impacto en el sector tur\u00edstico.<\/p>\n","protected":false},"excerpt":{"rendered":"<p>La misma se realiz\u00f3 en el Nodo Tecnol\u00f3gico.<\/p>\n","protected":false},"author":2,"featured_media":33526,"comment_status":"open","ping_status":"open","sticky":false,"template":"","format":"standard","meta":{"om_disable_all_campaigns":false,"_monsterinsights_skip_tracking":false,"_monsterinsights_sitenote_active":false,"_monsterinsights_sitenote_note":"","_monsterinsights_sitenote_category":0,"_uf_show_specific_survey":0,"_uf_disable_surveys":false,"jetpack_post_was_ever_published":false,"_jetpack_newsletter_access":"","_jetpack_dont_email_post_to_subs":false,"_jetpack_newsletter_tier_id":0,"_jetpack_memberships_contains_paywalled_content":false,"_jetpack_memberships_contains_paid_content":false,"footnotes":"","jetpack_publicize_message":"","jetpack_publicize_feature_enabled":true,"jetpack_social_post_already_shared":false,"jetpack_social_options":{"image_generator_settings":{"template":"highway","default_image_id":0,"font":"","enabled":false},"version":2}},"categories":[21],"tags":[],"class_list":["post-33524","post","type-post","status-publish","format-standard","has-post-thumbnail","hentry","category-locales"],"aioseo_notices":[],"views":26,"jetpack_publicize_connections":[],"jetpack_featured_media_url":"https:\/\/i0.wp.com\/elterritorialweb.com.ar\/web\/wp-content\/uploads\/2022\/01\/FB_IMG_1643653320087.jpg?fit=720%2C438&ssl=1","jetpack_sharing_enabled":true,"_links":{"self":[{"href":"https:\/\/elterritorialweb.com.ar\/web\/wp-json\/wp\/v2\/posts\/33524","targetHints":{"allow":["GET"]}}],"collection":[{"href":"https:\/\/elterritorialweb.com.ar\/web\/wp-json\/wp\/v2\/posts"}],"about":[{"href":"https:\/\/elterritorialweb.com.ar\/web\/wp-json\/wp\/v2\/types\/post"}],"author":[{"embeddable":true,"href":"https:\/\/elterritorialweb.com.ar\/web\/wp-json\/wp\/v2\/users\/2"}],"replies":[{"embeddable":true,"href":"https:\/\/elterritorialweb.com.ar\/web\/wp-json\/wp\/v2\/comments?post=33524"}],"version-history":[{"count":1,"href":"https:\/\/elterritorialweb.com.ar\/web\/wp-json\/wp\/v2\/posts\/33524\/revisions"}],"predecessor-version":[{"id":33530,"href":"https:\/\/elterritorialweb.com.ar\/web\/wp-json\/wp\/v2\/posts\/33524\/revisions\/33530"}],"wp:featuredmedia":[{"embeddable":true,"href":"https:\/\/elterritorialweb.com.ar\/web\/wp-json\/wp\/v2\/media\/33526"}],"wp:attachment":[{"href":"https:\/\/elterritorialweb.com.ar\/web\/wp-json\/wp\/v2\/media?parent=33524"}],"wp:term":[{"taxonomy":"category","embeddable":true,"href":"https:\/\/elterritorialweb.com.ar\/web\/wp-json\/wp\/v2\/categories?post=33524"},{"taxonomy":"post_tag","embeddable":true,"href":"https:\/\/elterritorialweb.com.ar\/web\/wp-json\/wp\/v2\/tags?post=33524"}],"curies":[{"name":"wp","href":"https:\/\/api.w.org\/{rel}","templated":true}]}}