{"id":33531,"date":"2022-01-31T20:58:19","date_gmt":"2022-01-31T20:58:19","guid":{"rendered":"http:\/\/elterritorialweb.com.ar\/web\/?p=33531"},"modified":"2022-01-31T20:59:55","modified_gmt":"2022-01-31T20:59:55","slug":"parques-y-paseos-inicio-la-semana-con-trabajos-de-desmalezamiento-y-levantado-de-restos-de-poda","status":"publish","type":"post","link":"https:\/\/elterritorialweb.com.ar\/web\/parques-y-paseos-inicio-la-semana-con-trabajos-de-desmalezamiento-y-levantado-de-restos-de-poda\/","title":{"rendered":"PARQUES Y PASEOS INICIO LA SEMANA CON TRABAJOS DE DESMALEZAMIENTO Y LEVANTADO DE RESTOS DE PODA"},"content":{"rendered":"\n<p>Los trabajos de desmalezamiento se concretaron sobre calle De\u00e1n Funes, Necochea, M\u00e1rmol y Republica del L\u00edbano y avenida Libertador y el levantado de ramas en avenida Belgrano.<br>Las tareas se desarrollaron en la semana y se complementan con los trabajos diarios de limpieza de calles, en el marco de las campa\u00f1as municipales \u201cLa Banda Limpia es m\u00e1s Linda\u201d y \u201cTodos contra el Dengue\u201d, con el objetivo de brindar una mejor calidad de vida a los bande\u00f1os.<\/p>\n\n\n\n<figure class=\"wp-block-image size-large\"><a href=\"https:\/\/i0.wp.com\/elterritorialweb.com.ar\/web\/wp-content\/uploads\/2022\/01\/IMG-20220131-WA0007.jpg\"><img data-recalc-dims=\"1\" decoding=\"async\" width=\"640\" height=\"853\" data-src=\"https:\/\/i0.wp.com\/elterritorialweb.com.ar\/web\/wp-content\/uploads\/2022\/01\/IMG-20220131-WA0007.jpg?resize=640%2C853\" alt=\"\" class=\"wp-image-33535 lazyload\" data-srcset=\"https:\/\/i0.wp.com\/elterritorialweb.com.ar\/web\/wp-content\/uploads\/2022\/01\/IMG-20220131-WA0007.jpg?resize=768%2C1024&amp;ssl=1 768w, https:\/\/i0.wp.com\/elterritorialweb.com.ar\/web\/wp-content\/uploads\/2022\/01\/IMG-20220131-WA0007.jpg?resize=225%2C300&amp;ssl=1 225w, https:\/\/i0.wp.com\/elterritorialweb.com.ar\/web\/wp-content\/uploads\/2022\/01\/IMG-20220131-WA0007.jpg?w=960&amp;ssl=1 960w\" data-sizes=\"(max-width: 640px) 100vw, 640px\" src=\"data:image\/svg+xml;base64,PHN2ZyB3aWR0aD0iMSIgaGVpZ2h0PSIxIiB4bWxucz0iaHR0cDovL3d3dy53My5vcmcvMjAwMC9zdmciPjwvc3ZnPg==\" style=\"--smush-placeholder-width: 640px; --smush-placeholder-aspect-ratio: 640\/853;\" \/><\/a><\/figure>\n\n\n\n<p>Desde el \u00e1rea, solicitan a los vecinos respetar el horario del cami\u00f3n recolector de residuos, no arrojar residuos en la v\u00eda p\u00fablica, cuidar los espacios verdes y los contenedores no arrojando en los mismos restos de poda, escombros y\/o chatarra.<\/p>\n","protected":false},"excerpt":{"rendered":"<p>La Direcci\u00f3n de Parques y Paseos dependiente de la Secretar\u00eda de Servicios P\u00fablicos inici\u00f3 la semana con trabajos de desmalezamiento sobre calle De\u00e1n Funes y avenida Libertador y el levantado de ramas en avenida Belgrano.<\/p>\n","protected":false},"author":2,"featured_media":33532,"comment_status":"open","ping_status":"open","sticky":false,"template":"","format":"standard","meta":{"om_disable_all_campaigns":false,"_monsterinsights_skip_tracking":false,"_monsterinsights_sitenote_active":false,"_monsterinsights_sitenote_note":"","_monsterinsights_sitenote_category":0,"_uf_show_specific_survey":0,"_uf_disable_surveys":false,"jetpack_post_was_ever_published":false,"_jetpack_newsletter_access":"","_jetpack_dont_email_post_to_subs":false,"_jetpack_newsletter_tier_id":0,"_jetpack_memberships_contains_paywalled_content":false,"_jetpack_memberships_contains_paid_content":false,"footnotes":"","jetpack_publicize_message":"","jetpack_publicize_feature_enabled":true,"jetpack_social_post_already_shared":false,"jetpack_social_options":{"image_generator_settings":{"template":"highway","default_image_id":0,"font":"","enabled":false},"version":2}},"categories":[21],"tags":[],"class_list":["post-33531","post","type-post","status-publish","format-standard","has-post-thumbnail","hentry","category-locales"],"aioseo_notices":[],"views":9,"jetpack_publicize_connections":[],"jetpack_featured_media_url":"https:\/\/i0.wp.com\/elterritorialweb.com.ar\/web\/wp-content\/uploads\/2022\/01\/IMG-20220131-WA0009.jpg?fit=1600%2C756&ssl=1","jetpack_sharing_enabled":true,"_links":{"self":[{"href":"https:\/\/elterritorialweb.com.ar\/web\/wp-json\/wp\/v2\/posts\/33531","targetHints":{"allow":["GET"]}}],"collection":[{"href":"https:\/\/elterritorialweb.com.ar\/web\/wp-json\/wp\/v2\/posts"}],"about":[{"href":"https:\/\/elterritorialweb.com.ar\/web\/wp-json\/wp\/v2\/types\/post"}],"author":[{"embeddable":true,"href":"https:\/\/elterritorialweb.com.ar\/web\/wp-json\/wp\/v2\/users\/2"}],"replies":[{"embeddable":true,"href":"https:\/\/elterritorialweb.com.ar\/web\/wp-json\/wp\/v2\/comments?post=33531"}],"version-history":[{"count":2,"href":"https:\/\/elterritorialweb.com.ar\/web\/wp-json\/wp\/v2\/posts\/33531\/revisions"}],"predecessor-version":[{"id":33536,"href":"https:\/\/elterritorialweb.com.ar\/web\/wp-json\/wp\/v2\/posts\/33531\/revisions\/33536"}],"wp:featuredmedia":[{"embeddable":true,"href":"https:\/\/elterritorialweb.com.ar\/web\/wp-json\/wp\/v2\/media\/33532"}],"wp:attachment":[{"href":"https:\/\/elterritorialweb.com.ar\/web\/wp-json\/wp\/v2\/media?parent=33531"}],"wp:term":[{"taxonomy":"category","embeddable":true,"href":"https:\/\/elterritorialweb.com.ar\/web\/wp-json\/wp\/v2\/categories?post=33531"},{"taxonomy":"post_tag","embeddable":true,"href":"https:\/\/elterritorialweb.com.ar\/web\/wp-json\/wp\/v2\/tags?post=33531"}],"curies":[{"name":"wp","href":"https:\/\/api.w.org\/{rel}","templated":true}]}}