{"id":33539,"date":"2022-02-01T00:14:13","date_gmt":"2022-02-01T00:14:13","guid":{"rendered":"http:\/\/elterritorialweb.com.ar\/web\/?p=33539"},"modified":"2022-02-01T00:14:14","modified_gmt":"2022-02-01T00:14:14","slug":"fernandez-este-tiene-que-ser-el-ano-de-la-educacion","status":"publish","type":"post","link":"https:\/\/elterritorialweb.com.ar\/web\/fernandez-este-tiene-que-ser-el-ano-de-la-educacion\/","title":{"rendered":"FERN\u00c1NDEZ: \u00abESTE TIENE QUE SER EL A\u00d1O DE LA EDUCACI\u00d3N\u00bb"},"content":{"rendered":"\n<p>\u201cNecesitamos que nuestros chicos reciban el mejor aprendizaje y lo hagan en la escuela p\u00fablica\u201d, afirm\u00f3 este mediod\u00eda el presidente Alberto Fern\u00e1ndez al recorrer la planta de Gr\u00e1fica Argentina SRL, ubicada en la localidad bonaerense de Loma Hermosa, una de las empresas donde se imprimen los textos del programa \u201cLibros para aprender\u201d, que contempla la distribuci\u00f3n de ejemplares sobre matem\u00e1tica y lengua en escuelas primarias de todo el pa\u00eds.<\/p>\n\n\n\n<p>\u201cEste tiene que ser el a\u00f1o de la educaci\u00f3n. Todo lo que nos posterg\u00f3 la pandemia tenemos que recuperarlo este a\u00f1o, y una forma de recuperarlo es que todos los chicos tengan en su primer d\u00eda de clases los libros que necesitan para poder aprender\u201d, expres\u00f3 el mandatario durante la actividad, y remarc\u00f3 la importancia de \u201crevitalizar el h\u00e1bito de la lectura en los alumnos\u201d.<\/p>\n\n\n\n<figure class=\"wp-block-image size-large\"><a href=\"https:\/\/i0.wp.com\/elterritorialweb.com.ar\/web\/wp-content\/uploads\/2022\/01\/afpapelera3.jpg\"><img data-recalc-dims=\"1\" decoding=\"async\" width=\"640\" height=\"426\" data-src=\"https:\/\/i0.wp.com\/elterritorialweb.com.ar\/web\/wp-content\/uploads\/2022\/01\/afpapelera3.jpg?resize=640%2C426\" alt=\"\" class=\"wp-image-33541 lazyload\" data-srcset=\"https:\/\/i0.wp.com\/elterritorialweb.com.ar\/web\/wp-content\/uploads\/2022\/01\/afpapelera3.jpg?resize=1024%2C682&amp;ssl=1 1024w, https:\/\/i0.wp.com\/elterritorialweb.com.ar\/web\/wp-content\/uploads\/2022\/01\/afpapelera3.jpg?resize=300%2C200&amp;ssl=1 300w, https:\/\/i0.wp.com\/elterritorialweb.com.ar\/web\/wp-content\/uploads\/2022\/01\/afpapelera3.jpg?resize=768%2C512&amp;ssl=1 768w, https:\/\/i0.wp.com\/elterritorialweb.com.ar\/web\/wp-content\/uploads\/2022\/01\/afpapelera3.jpg?resize=1536%2C1024&amp;ssl=1 1536w, https:\/\/i0.wp.com\/elterritorialweb.com.ar\/web\/wp-content\/uploads\/2022\/01\/afpapelera3.jpg?w=1940&amp;ssl=1 1940w, https:\/\/i0.wp.com\/elterritorialweb.com.ar\/web\/wp-content\/uploads\/2022\/01\/afpapelera3.jpg?w=1280 1280w\" data-sizes=\"(max-width: 640px) 100vw, 640px\" src=\"data:image\/svg+xml;base64,PHN2ZyB3aWR0aD0iMSIgaGVpZ2h0PSIxIiB4bWxucz0iaHR0cDovL3d3dy53My5vcmcvMjAwMC9zdmciPjwvc3ZnPg==\" style=\"--smush-placeholder-width: 640px; --smush-placeholder-aspect-ratio: 640\/426;\" \/><\/a><\/figure>\n\n\n\n<p>\u201cA veces los alumnos llegan a la facultad con dificultad para entender los textos, ah\u00ed hay un d\u00e9ficit que debemos mejorar y creo que por esta v\u00eda, d\u00e1ndole a cada alumno y alumna de la a Argentina el material que tiene que leer, estamos dando un paso en favor de la democratizaci\u00f3n de la educaci\u00f3n\u201d, subray\u00f3.<\/p>\n\n\n\n<p>Acompa\u00f1ado por el ministro de Educaci\u00f3n, Jaime Perczyk; el intendente de San Mart\u00edn, Fernando Moreira; el socio gerente y fundador de la gr\u00e1fica, Carlos Rinaudo, y los socios Marcelo Rinaudo, Juli\u00e1n Rinaudo, Alicia Rinaudo y Guillermo Medici, el jefe de Estado presenci\u00f3 una demostraci\u00f3n del proceso de impresi\u00f3n y recibi\u00f3 uno de los libros. Tambi\u00e9n participaron de la recorrida trabajadores de la planta y docentes bonaerenses.<\/p>\n\n\n\n<figure class=\"wp-block-image size-large\"><a href=\"https:\/\/i0.wp.com\/elterritorialweb.com.ar\/web\/wp-content\/uploads\/2022\/01\/afpapelera2.jpg\"><img data-recalc-dims=\"1\" decoding=\"async\" width=\"640\" height=\"426\" data-src=\"https:\/\/i0.wp.com\/elterritorialweb.com.ar\/web\/wp-content\/uploads\/2022\/01\/afpapelera2.jpg?resize=640%2C426\" alt=\"\" class=\"wp-image-33542 lazyload\" data-srcset=\"https:\/\/i0.wp.com\/elterritorialweb.com.ar\/web\/wp-content\/uploads\/2022\/01\/afpapelera2.jpg?resize=1024%2C682&amp;ssl=1 1024w, https:\/\/i0.wp.com\/elterritorialweb.com.ar\/web\/wp-content\/uploads\/2022\/01\/afpapelera2.jpg?resize=300%2C200&amp;ssl=1 300w, https:\/\/i0.wp.com\/elterritorialweb.com.ar\/web\/wp-content\/uploads\/2022\/01\/afpapelera2.jpg?resize=768%2C512&amp;ssl=1 768w, https:\/\/i0.wp.com\/elterritorialweb.com.ar\/web\/wp-content\/uploads\/2022\/01\/afpapelera2.jpg?resize=1536%2C1024&amp;ssl=1 1536w, https:\/\/i0.wp.com\/elterritorialweb.com.ar\/web\/wp-content\/uploads\/2022\/01\/afpapelera2.jpg?w=1940&amp;ssl=1 1940w, https:\/\/i0.wp.com\/elterritorialweb.com.ar\/web\/wp-content\/uploads\/2022\/01\/afpapelera2.jpg?w=1280 1280w\" data-sizes=\"(max-width: 640px) 100vw, 640px\" src=\"data:image\/svg+xml;base64,PHN2ZyB3aWR0aD0iMSIgaGVpZ2h0PSIxIiB4bWxucz0iaHR0cDovL3d3dy53My5vcmcvMjAwMC9zdmciPjwvc3ZnPg==\" style=\"--smush-placeholder-width: 640px; --smush-placeholder-aspect-ratio: 640\/426;\" \/><\/a><\/figure>\n\n\n\n<p>\u201cAc\u00e1 est\u00e1n en condiciones de hacer 35 mil libros, y hay muchas industrias como \u00e9sta porque estamos llevando los libros a alumnos de todo el pa\u00eds\u201d, dijo Fern\u00e1ndez y se\u00f1al\u00f3 que \u201ctodos est\u00e1n incluidos porque la Argentina que necesitamos construir para el futuro es una Argentina que no deja a nadie afuera\u201d.<\/p>\n\n\n\n<p>Al mismo tiempo, el presidente resalt\u00f3 la importancia de \u201cayudar a los docentes a acceder a todas las herramientas para que puedan ense\u00f1arles a sus alumnos\u201d.<\/p>\n\n\n\n<p>La iniciativa alcanzar\u00e1 a 3.577.464 estudiantes de 18.849 escuelas p\u00fablicas de gesti\u00f3n estatal o privadas de cuota cero u oferta \u00fanica, y requerir\u00e1 una inversi\u00f3n de 5.243.000 pesos. Tambi\u00e9n implica la entrega de libros espec\u00edficos para los docentes y la realizaci\u00f3n de capacitaciones a maestros y maestras que se desarrollar\u00e1n a lo largo del a\u00f1o para intensificar los aprendizajes en las \u00e1reas mencionadas.<\/p>\n\n\n\n<p>En tanto, Perczyk se\u00f1al\u00f3 que \u201cel programa va a distribuir libros a todos los chicos, por primera vez, uno a uno, desde Jujuy a Tierra del Fuego, y tambi\u00e9n a cada maestro y maestra de la escuela p\u00fablica para poder recuperar los aprendizajes, fundamentalmente en Lengua y Matem\u00e1tica\u201d.<\/p>\n\n\n\n<figure class=\"wp-block-image size-large\"><a href=\"https:\/\/i0.wp.com\/elterritorialweb.com.ar\/web\/wp-content\/uploads\/2022\/01\/afpapelera1.jpg\"><img data-recalc-dims=\"1\" decoding=\"async\" width=\"640\" height=\"426\" data-src=\"https:\/\/i0.wp.com\/elterritorialweb.com.ar\/web\/wp-content\/uploads\/2022\/01\/afpapelera1.jpg?resize=640%2C426\" alt=\"\" class=\"wp-image-33543 lazyload\" data-srcset=\"https:\/\/i0.wp.com\/elterritorialweb.com.ar\/web\/wp-content\/uploads\/2022\/01\/afpapelera1.jpg?resize=1024%2C682&amp;ssl=1 1024w, https:\/\/i0.wp.com\/elterritorialweb.com.ar\/web\/wp-content\/uploads\/2022\/01\/afpapelera1.jpg?resize=300%2C200&amp;ssl=1 300w, https:\/\/i0.wp.com\/elterritorialweb.com.ar\/web\/wp-content\/uploads\/2022\/01\/afpapelera1.jpg?resize=768%2C512&amp;ssl=1 768w, https:\/\/i0.wp.com\/elterritorialweb.com.ar\/web\/wp-content\/uploads\/2022\/01\/afpapelera1.jpg?resize=1536%2C1024&amp;ssl=1 1536w, https:\/\/i0.wp.com\/elterritorialweb.com.ar\/web\/wp-content\/uploads\/2022\/01\/afpapelera1.jpg?w=1940&amp;ssl=1 1940w, https:\/\/i0.wp.com\/elterritorialweb.com.ar\/web\/wp-content\/uploads\/2022\/01\/afpapelera1.jpg?w=1280 1280w\" data-sizes=\"(max-width: 640px) 100vw, 640px\" src=\"data:image\/svg+xml;base64,PHN2ZyB3aWR0aD0iMSIgaGVpZ2h0PSIxIiB4bWxucz0iaHR0cDovL3d3dy53My5vcmcvMjAwMC9zdmciPjwvc3ZnPg==\" style=\"--smush-placeholder-width: 640px; --smush-placeholder-aspect-ratio: 640\/426;\" \/><\/a><\/figure>\n\n\n\n<p>A trav\u00e9s de esta iniciativa que apunta a mejorar la calidad educativa, la cartera nacional distribuir\u00e1 7.171.652 manuales, que fueron elegidos de modo federal por cada jurisdicci\u00f3n.<\/p>\n\n\n\n<p>Los estudiantes podr\u00e1n llevar los textos de la escuela a la casa y de la casa a la escuela y ser\u00e1n de su propiedad, ya que los libros ayudan a organizar el proceso de ense\u00f1anza y aprendizaje, a profundizar el trabajo con los contenidos y a optimizar el tiempo en el aula, y permiten darle continuidad al trabajo pedag\u00f3gico en los hogares.<\/p>\n","protected":false},"excerpt":{"rendered":"<p>El presidente recorri\u00f3 una planta gr\u00e1fica donde se imprimen los ejemplares del programa \u201cLibros para aprender\u201d.<\/p>\n","protected":false},"author":2,"featured_media":33540,"comment_status":"open","ping_status":"open","sticky":false,"template":"","format":"standard","meta":{"om_disable_all_campaigns":false,"_monsterinsights_skip_tracking":false,"_monsterinsights_sitenote_active":false,"_monsterinsights_sitenote_note":"","_monsterinsights_sitenote_category":0,"_uf_show_specific_survey":0,"_uf_disable_surveys":false,"jetpack_post_was_ever_published":false,"_jetpack_newsletter_access":"","_jetpack_dont_email_post_to_subs":false,"_jetpack_newsletter_tier_id":0,"_jetpack_memberships_contains_paywalled_content":false,"_jetpack_memberships_contains_paid_content":false,"footnotes":"","jetpack_publicize_message":"","jetpack_publicize_feature_enabled":true,"jetpack_social_post_already_shared":false,"jetpack_social_options":{"image_generator_settings":{"template":"highway","default_image_id":0,"font":"","enabled":false},"version":2}},"categories":[18],"tags":[],"class_list":["post-33539","post","type-post","status-publish","format-standard","has-post-thumbnail","hentry","category-politica"],"aioseo_notices":[],"views":6,"jetpack_publicize_connections":[],"jetpack_featured_media_url":"https:\/\/i0.wp.com\/elterritorialweb.com.ar\/web\/wp-content\/uploads\/2022\/01\/afpapelera4.jpg?fit=1940%2C1308&ssl=1","jetpack_sharing_enabled":true,"_links":{"self":[{"href":"https:\/\/elterritorialweb.com.ar\/web\/wp-json\/wp\/v2\/posts\/33539","targetHints":{"allow":["GET"]}}],"collection":[{"href":"https:\/\/elterritorialweb.com.ar\/web\/wp-json\/wp\/v2\/posts"}],"about":[{"href":"https:\/\/elterritorialweb.com.ar\/web\/wp-json\/wp\/v2\/types\/post"}],"author":[{"embeddable":true,"href":"https:\/\/elterritorialweb.com.ar\/web\/wp-json\/wp\/v2\/users\/2"}],"replies":[{"embeddable":true,"href":"https:\/\/elterritorialweb.com.ar\/web\/wp-json\/wp\/v2\/comments?post=33539"}],"version-history":[{"count":1,"href":"https:\/\/elterritorialweb.com.ar\/web\/wp-json\/wp\/v2\/posts\/33539\/revisions"}],"predecessor-version":[{"id":33544,"href":"https:\/\/elterritorialweb.com.ar\/web\/wp-json\/wp\/v2\/posts\/33539\/revisions\/33544"}],"wp:featuredmedia":[{"embeddable":true,"href":"https:\/\/elterritorialweb.com.ar\/web\/wp-json\/wp\/v2\/media\/33540"}],"wp:attachment":[{"href":"https:\/\/elterritorialweb.com.ar\/web\/wp-json\/wp\/v2\/media?parent=33539"}],"wp:term":[{"taxonomy":"category","embeddable":true,"href":"https:\/\/elterritorialweb.com.ar\/web\/wp-json\/wp\/v2\/categories?post=33539"},{"taxonomy":"post_tag","embeddable":true,"href":"https:\/\/elterritorialweb.com.ar\/web\/wp-json\/wp\/v2\/tags?post=33539"}],"curies":[{"name":"wp","href":"https:\/\/api.w.org\/{rel}","templated":true}]}}