{"id":33547,"date":"2022-02-01T01:24:16","date_gmt":"2022-02-01T01:24:16","guid":{"rendered":"http:\/\/elterritorialweb.com.ar\/web\/?p=33547"},"modified":"2022-02-01T01:24:17","modified_gmt":"2022-02-01T01:24:17","slug":"se-registraron-43-472-nuevos-casos-de-coronavirus-en-el-pais","status":"publish","type":"post","link":"https:\/\/elterritorialweb.com.ar\/web\/se-registraron-43-472-nuevos-casos-de-coronavirus-en-el-pais\/","title":{"rendered":"SE REGISTRARON 43.472 NUEVOS CASOS DE CORONAVIRUS EN EL PA\u00cdS"},"content":{"rendered":"\n<p>Otras 285 personas murieron y 43.472 fueron reportadas con coronavirus en las \u00faltimas 24 horas en la Argentina, con lo que suman 121.273 los fallecidos registrados oficialmente a nivel nacional y 8.378.656 los contagiados desde el inicio de la pandemia, inform\u00f3 hoy el Ministerio de Salud.<\/p>\n\n\n\n<p>La cartera sanitaria indic\u00f3 que son 2.909 los internados con coronavirus en unidades de terapia intensiva, con un porcentaje de ocupaci\u00f3n de camas de adultos en el sector p\u00fablico y privado, para todas las patolog\u00edas, de 52,1% en el pa\u00eds y de 48,4% en el \u00c1rea Metropolitana de Buenos Aires.<\/p>\n\n\n\n<p>De acuerdo con el&nbsp;<strong>Monitor P\u00fablico de Vacunaci\u00f3n, el total de inoculados asciende a 87.213.037,&nbsp;<\/strong>de los cuales 39.618.863 recibieron una dosis, 34.963.340 las dos, 3.036.298 una adicional y 9.594.536 una de refuerzo, mientras que las vacunas distribuidas a las jurisdicciones llegan a 96.419.893 y las donadas a 5.083.000.<\/p>\n\n\n\n<p>De los&nbsp;<strong>8.378.656 contagiados<\/strong>, 7.706.670 recibieron el alta y 550.713 son casos confirmados activos.<\/p>\n\n\n\n<p>El parte precis\u00f3 que murieron 54 hombres en Buenos Aires, 26 en la Ciudad de Buenos Aires, 2 en Catamarca, 8 en Chaco, 2 en Chubut, 2 en Corrientes, 7 en C\u00f3rdoba, 4 en Entre R\u00edos, 2 en Jujuy, 6 en La Pampa, 1 en Mendoza, 4 en Misiones, 8 en R\u00edo Negro, 16 en Salta, 4 en San Juan, 2 en San Luis, 7 en Santa Fe, 3 en Santiago del Estero y 5 en Tierra del Fuego.<\/p>\n\n\n\n<p>Tambi\u00e9n fallecieron 46 mujeres en Buenos Aires, 27 en la Ciudad de Buenos Aires, 5 en Chaco, 1 en Chubut, 3 en Corrientes, 5 en C\u00f3rdoba, 4 en Entre R\u00edos, 1 en Jujuy, 1 en La Pampa, en Mendoza, 1 en Misiones, 2 en Neuqu\u00e9n, 3 en R\u00edo Negro, 10 en Salta, 1 en San Juan, 5 en Santa Fe, y 2 en Santiago del Estero.<\/p>\n\n\n\n<p>En tanto, una persona que falleci\u00f3 en C\u00f3rdoba fue reportada sin dato de sexo.<\/p>\n\n\n\n<p>Este lunes se registraron en la provincia de Buenos Aires 19,763 casos; en la Ciudad de Buenos Aires, 5.234; en Catamarca, 406; en Chaco, 810; en Chubut, 431; en Corrientes, 272.; en C\u00f3rdoba, 3.811; en Entre R\u00edos, 901; en Formosa, 850; en Jujuy, 339; en La Pampa, 557; en La Rioja, 316; en Mendoza, 1.441; en Misiones, 239; en Neuqu\u00e9n, 779; en R\u00edo Negro, 831; en Salta, 475; en San Juan, 784; en San Luis, 319; en Santa Cruz, 282; en Santa Fe, 2.805; en Santiago del Estero, 152; en Tierra del Fuego, 225; y en Tucum\u00e1n, 1.450.<\/p>\n\n\n\n<p>El&nbsp;<strong>Ministerio indic\u00f3 adem\u00e1s que se realizaron en las \u00faltimas 24 horas 83.165 testeos&nbsp;<\/strong>y desde el inicio del brote ascienden a 32.569.779 las pruebas diagn\u00f3sticas para esta enfermedad.<\/p>\n\n\n\n<p>El total de acumulados por distrito indica para la provincia de Buenos Aires 3.254.553 casos; la Ciudad de Buenos Aires, 944.853; Catamarca, 80.401; Chaco, 157.898; Chubut, 109.645; Corrientes, 121.294; C\u00f3rdoba, 901.945; Entre R\u00edos, 187.950; Formosa, 99.403; Jujuy, 102.169; La Pampa, 96.652; La Rioja, 43.279; Mendoza, 255.483; Misiones, 48.560; Neuqu\u00e9n, 160.898; R\u00edo Negro, 137.272; Salta, 150.090; San Juan, 138.950; San Luis, 129.906; Santa Cruz, 84.170; Santa Fe, 693.272; Santiago del Estero, 122.949; Tierra del Fuego, 43.350 y Tucum\u00e1n, 313.714.<\/p>\n\n\n\n<p>Se incluyen casos existentes en las Islas Malvinas seg\u00fan informaci\u00f3n de prensa (debido a la ocupaci\u00f3n ilegal del Reino Unido, Gran Breta\u00f1a e Irlanda del Norte no es posible contar con informaci\u00f3n propia sobre el impacto de la Covid-19 en esa parte del territorio argentino).<\/p>\n","protected":false},"excerpt":{"rendered":"<p>Son 2.909 los internados con coronavirus en unidades de terapia intensiva, con un porcentaje de ocupaci\u00f3n de camas de adultos en el sector p\u00fablico y privado, para todas las patolog\u00edas, de 52,1% en el pa\u00eds y de 48,4% en el \u00c1rea Metropolitana de Buenos Aires.<\/p>\n","protected":false},"author":2,"featured_media":33548,"comment_status":"open","ping_status":"open","sticky":false,"template":"","format":"standard","meta":{"om_disable_all_campaigns":false,"_monsterinsights_skip_tracking":false,"_monsterinsights_sitenote_active":false,"_monsterinsights_sitenote_note":"","_monsterinsights_sitenote_category":0,"_uf_show_specific_survey":0,"_uf_disable_surveys":false,"jetpack_post_was_ever_published":false,"_jetpack_newsletter_access":"","_jetpack_dont_email_post_to_subs":false,"_jetpack_newsletter_tier_id":0,"_jetpack_memberships_contains_paywalled_content":false,"_jetpack_memberships_contains_paid_content":false,"footnotes":"","jetpack_publicize_message":"","jetpack_publicize_feature_enabled":true,"jetpack_social_post_already_shared":false,"jetpack_social_options":{"image_generator_settings":{"template":"highway","default_image_id":0,"font":"","enabled":false},"version":2}},"categories":[3],"tags":[],"class_list":["post-33547","post","type-post","status-publish","format-standard","has-post-thumbnail","hentry","category-salud"],"aioseo_notices":[],"views":12,"jetpack_publicize_connections":[],"jetpack_featured_media_url":"https:\/\/i0.wp.com\/elterritorialweb.com.ar\/web\/wp-content\/uploads\/2022\/02\/1640327025183.jpg?fit=630%2C354&ssl=1","jetpack_sharing_enabled":true,"_links":{"self":[{"href":"https:\/\/elterritorialweb.com.ar\/web\/wp-json\/wp\/v2\/posts\/33547","targetHints":{"allow":["GET"]}}],"collection":[{"href":"https:\/\/elterritorialweb.com.ar\/web\/wp-json\/wp\/v2\/posts"}],"about":[{"href":"https:\/\/elterritorialweb.com.ar\/web\/wp-json\/wp\/v2\/types\/post"}],"author":[{"embeddable":true,"href":"https:\/\/elterritorialweb.com.ar\/web\/wp-json\/wp\/v2\/users\/2"}],"replies":[{"embeddable":true,"href":"https:\/\/elterritorialweb.com.ar\/web\/wp-json\/wp\/v2\/comments?post=33547"}],"version-history":[{"count":1,"href":"https:\/\/elterritorialweb.com.ar\/web\/wp-json\/wp\/v2\/posts\/33547\/revisions"}],"predecessor-version":[{"id":33549,"href":"https:\/\/elterritorialweb.com.ar\/web\/wp-json\/wp\/v2\/posts\/33547\/revisions\/33549"}],"wp:featuredmedia":[{"embeddable":true,"href":"https:\/\/elterritorialweb.com.ar\/web\/wp-json\/wp\/v2\/media\/33548"}],"wp:attachment":[{"href":"https:\/\/elterritorialweb.com.ar\/web\/wp-json\/wp\/v2\/media?parent=33547"}],"wp:term":[{"taxonomy":"category","embeddable":true,"href":"https:\/\/elterritorialweb.com.ar\/web\/wp-json\/wp\/v2\/categories?post=33547"},{"taxonomy":"post_tag","embeddable":true,"href":"https:\/\/elterritorialweb.com.ar\/web\/wp-json\/wp\/v2\/tags?post=33547"}],"curies":[{"name":"wp","href":"https:\/\/api.w.org\/{rel}","templated":true}]}}