{"id":33558,"date":"2022-02-01T03:28:32","date_gmt":"2022-02-01T03:28:32","guid":{"rendered":"http:\/\/elterritorialweb.com.ar\/web\/?p=33558"},"modified":"2022-02-01T03:28:47","modified_gmt":"2022-02-01T03:28:47","slug":"fernandez-entrar-en-default-era-un-problema-enorme-me-sacan-del-partido-y-me-mandan-a-volver-a-entrenar","status":"publish","type":"post","link":"https:\/\/elterritorialweb.com.ar\/web\/fernandez-entrar-en-default-era-un-problema-enorme-me-sacan-del-partido-y-me-mandan-a-volver-a-entrenar\/","title":{"rendered":"FERN\u00c1NDEZ: \u00bb ENTRAR EN DEFAULT ERA UN PROBLEMA ENORME, ME SACAN DEL PARTIDO Y ME MANDAN A VOLVER A ENTRENAR\u00bb"},"content":{"rendered":"\n<p>El presidente Alberto Fern\u00e1ndez dijo este lunes por C5N que<strong>&nbsp;\u00abtodos los acuerdos comerciales con Rusia, China y otros pa\u00edses estaban supeditados a un acuerdo con el Fondo (Monetario), con lo que pudimos sacarnos de encima una limitante que ten\u00edamos, y ahora hay un horizonte para alcanzar lo que necesitamos\u00bb.<\/strong><\/p>\n\n\n\n<p>El mandatario adem\u00e1s asegur\u00f3 que entrar en&nbsp;<strong>\u00abdefault era un problema enorme, era salir del partido, y ni a la platea me mandaban; me sacan del partido y me mandan a volver a entrenar\u00bb<\/strong>.<\/p>\n\n\n\n<p>\u00abLamento mucho la decisi\u00f3n que tom\u00f3 Mauricio Macri de endeudarnos como nos endeud\u00f3\u00bb, dijo el Presidente.<\/p>\n\n\n\n<p>El jefe de Estado afirm\u00f3 que la vicepresidenta Cristina Kirchner<strong>&nbsp;\u00abtiene una mirada distinta, sus diferencias y matices sobre el acuerdo con el Fondo (Monetario Internacional), pero el Presidente soy yo y estoy convencido de que tomamos el mejor camino\u00bb<\/strong>.<\/p>\n\n\n\n<p><a href=\"https:\/\/www.telam.com.ar\/notas\/202201\/582362-maximo-kirchner-renuncia-bloque-diputados-frente-de-todos.html\" target=\"_blank\" rel=\"noreferrer noopener\">Con respecto a la renuncia de M\u00e1ximo Kirchner a la presidencia del bloque de diputados del Frente de Todos<\/a>&nbsp;sostuvo que el legislador habl\u00f3 con \u00e9l&nbsp;<strong>\u00abel mi\u00e9rcoles pasado y me plante\u00f3 sus diferencias, y hoy (lunes) me dijo que tom\u00f3 esta decisi\u00f3n; me dijo que Cristina no estaba de acuerdo con su renuncia pero que \u00e9l se sent\u00eda mejor estando en el llano\u00bb<\/strong>.<\/p>\n\n\n\n<p><strong>\u201cRespeto la posici\u00f3n de M\u00e1ximo, pero en ning\u00fan momento me habl\u00f3 de rupturas\u201d<\/strong>, expres\u00f3.<\/p>\n\n\n\n<p>El Presidente asegur\u00f3 que a partir del acuerdo con el FMI \u00ab<strong>no hay ning\u00fan planteo de tarifazo\u00bb e<\/strong>n los valores de los servicios p\u00fablicos. \u00abNo hay ning\u00fan planteo de tarifazo, estamos buscando el modo (de ajustar las tarifas) con la mayor justicia y en eso est\u00e1 trabajando (la secretar\u00eda de) Energ\u00eda\u00bb para que paguen m\u00e1s los sectores m\u00e1s pudientes, precis\u00f3.<\/p>\n\n\n\n<p>\u00abSoy consciente de que nuestra gente tiene que recuperar el ingreso real y tengo que trabajar para que eso ocurra\u00bb, a\u00f1adi\u00f3.<\/p>\n\n\n\n<p>En otro orden, Fern\u00e1ndez se mostr\u00f3 en favor de un acuerdo de precios y salarios, pero advirti\u00f3 que quiere que los sueldos<strong>&nbsp;\u00able ganen a la inflaci\u00f3n y para eso tienen que recuperar 20 puntos (perdidos) desde la \u00e9poca de Mauricio Macri\u00bb<\/strong>.<\/p>\n\n\n\n<p>Respecto a la Corte Suprema, el mandatario consider\u00f3 que \u00abhay un problema de funcionamiento. Y nadie tiene que ofenderse porque es un problema de funcionamiento de uno de los poderes de la Rep\u00fablica\u00bb y advirti\u00f3 que en la Argentina \u00abel principio de inocencia se perdi\u00f3\u00bb.<\/p>\n\n\n\n<p>Adem\u00e1s, destac\u00f3 que \u00abgracias al trabajo de (la titular de la AFI) Cristina Caama\u00f1o\u00bb desmantelaron \u00abel aparato de espionaje que hab\u00eda dentro de la justicia\u00bb.<\/p>\n","protected":false},"excerpt":{"rendered":"<p>El presidente lament\u00f3 \u00abla decisi\u00f3n que tom\u00f3 Mauricio Macri de endeudarnos como nos endeud\u00f3\u00bb, pero resalt\u00f3 que \u00abpudimos sacarnos de encima una limitante que ten\u00edamos, y ahora hay un horizonte para alcanzar lo que necesitamos\u00bb. Tambi\u00e9n dio su opini\u00f3n sobre la renuncia de M\u00e1ximo Kirchner.<\/p>\n","protected":false},"author":2,"featured_media":33559,"comment_status":"open","ping_status":"open","sticky":false,"template":"","format":"standard","meta":{"om_disable_all_campaigns":false,"_monsterinsights_skip_tracking":false,"_monsterinsights_sitenote_active":false,"_monsterinsights_sitenote_note":"","_monsterinsights_sitenote_category":0,"_uf_show_specific_survey":0,"_uf_disable_surveys":false,"jetpack_post_was_ever_published":false,"_jetpack_newsletter_access":"","_jetpack_dont_email_post_to_subs":false,"_jetpack_newsletter_tier_id":0,"_jetpack_memberships_contains_paywalled_content":false,"_jetpack_memberships_contains_paid_content":false,"footnotes":"","jetpack_publicize_message":"","jetpack_publicize_feature_enabled":true,"jetpack_social_post_already_shared":false,"jetpack_social_options":{"image_generator_settings":{"template":"highway","default_image_id":0,"font":"","enabled":false},"version":2}},"categories":[18],"tags":[],"class_list":["post-33558","post","type-post","status-publish","format-standard","has-post-thumbnail","hentry","category-politica"],"aioseo_notices":[],"views":11,"jetpack_publicize_connections":[],"jetpack_featured_media_url":"https:\/\/i0.wp.com\/elterritorialweb.com.ar\/web\/wp-content\/uploads\/2022\/02\/61f87b079f93d_900.jpg?fit=900%2C506&ssl=1","jetpack_sharing_enabled":true,"_links":{"self":[{"href":"https:\/\/elterritorialweb.com.ar\/web\/wp-json\/wp\/v2\/posts\/33558","targetHints":{"allow":["GET"]}}],"collection":[{"href":"https:\/\/elterritorialweb.com.ar\/web\/wp-json\/wp\/v2\/posts"}],"about":[{"href":"https:\/\/elterritorialweb.com.ar\/web\/wp-json\/wp\/v2\/types\/post"}],"author":[{"embeddable":true,"href":"https:\/\/elterritorialweb.com.ar\/web\/wp-json\/wp\/v2\/users\/2"}],"replies":[{"embeddable":true,"href":"https:\/\/elterritorialweb.com.ar\/web\/wp-json\/wp\/v2\/comments?post=33558"}],"version-history":[{"count":1,"href":"https:\/\/elterritorialweb.com.ar\/web\/wp-json\/wp\/v2\/posts\/33558\/revisions"}],"predecessor-version":[{"id":33560,"href":"https:\/\/elterritorialweb.com.ar\/web\/wp-json\/wp\/v2\/posts\/33558\/revisions\/33560"}],"wp:featuredmedia":[{"embeddable":true,"href":"https:\/\/elterritorialweb.com.ar\/web\/wp-json\/wp\/v2\/media\/33559"}],"wp:attachment":[{"href":"https:\/\/elterritorialweb.com.ar\/web\/wp-json\/wp\/v2\/media?parent=33558"}],"wp:term":[{"taxonomy":"category","embeddable":true,"href":"https:\/\/elterritorialweb.com.ar\/web\/wp-json\/wp\/v2\/categories?post=33558"},{"taxonomy":"post_tag","embeddable":true,"href":"https:\/\/elterritorialweb.com.ar\/web\/wp-json\/wp\/v2\/tags?post=33558"}],"curies":[{"name":"wp","href":"https:\/\/api.w.org\/{rel}","templated":true}]}}