{"id":33561,"date":"2022-02-01T05:18:50","date_gmt":"2022-02-01T05:18:50","guid":{"rendered":"http:\/\/elterritorialweb.com.ar\/web\/?p=33561"},"modified":"2022-02-01T05:18:51","modified_gmt":"2022-02-01T05:18:51","slug":"prorrogan-la-moratoria-para-el-pago-de-tasas-hasta-el-15-de-febrero","status":"publish","type":"post","link":"https:\/\/elterritorialweb.com.ar\/web\/prorrogan-la-moratoria-para-el-pago-de-tasas-hasta-el-15-de-febrero\/","title":{"rendered":"PRORROGAN LA MORATORIA PARA EL PAGO DE TASAS HASTA EL 15 DE FEBRERO"},"content":{"rendered":"\n<p>Los vecinos podr\u00e1n adherirse con la condici\u00f3n de abonar los tributos correspondientes de septiembre de 2021 hasta febrero de 2022, y a partir de all\u00ed tendr\u00e1 la posibilidad de concretar un plan de pago en cuotas para regularizar sus deudas.<br>La nueva oportunidad que otorga el municipio abarca a las tasas de retribuci\u00f3n de servicios, a las que inciden sobre las actividades comerciales y otros tributos.<br>El organismo de la Municipalidad de la Capital record\u00f3 que el horario de atenci\u00f3n al p\u00fablico en las oficinas de calle Independencia 236, es de 7.30 a 13, y de 14.30 a 20.<br>A la vez que inform\u00f3 que en horario matutino, tambi\u00e9n se puede acceder a la atenci\u00f3n en las delegaciones de Rentas que funcionan en los centros operativos 1, 4 , 6 y 9 de los barrios Ej\u00e9rcito Argentino, Reconquista, Autonom\u00eda y Los Flores, respectivamente.<\/p>\n","protected":false},"excerpt":{"rendered":"<p>La Direcci\u00f3n de Rentas de la Capital inform\u00f3 que se prorrog\u00f3 hasta el 15 de febrero la moratoria para el pago de todas las tasas municipales correspondientes a periodos fiscales anteriores.<\/p>\n","protected":false},"author":2,"featured_media":33562,"comment_status":"open","ping_status":"open","sticky":false,"template":"","format":"standard","meta":{"om_disable_all_campaigns":false,"_monsterinsights_skip_tracking":false,"_monsterinsights_sitenote_active":false,"_monsterinsights_sitenote_note":"","_monsterinsights_sitenote_category":0,"_uf_show_specific_survey":0,"_uf_disable_surveys":false,"jetpack_post_was_ever_published":false,"_jetpack_newsletter_access":"","_jetpack_dont_email_post_to_subs":false,"_jetpack_newsletter_tier_id":0,"_jetpack_memberships_contains_paywalled_content":false,"_jetpack_memberships_contains_paid_content":false,"footnotes":"","jetpack_publicize_message":"","jetpack_publicize_feature_enabled":true,"jetpack_social_post_already_shared":false,"jetpack_social_options":{"image_generator_settings":{"template":"highway","default_image_id":0,"font":"","enabled":false},"version":2}},"categories":[2],"tags":[],"class_list":["post-33561","post","type-post","status-publish","format-standard","has-post-thumbnail","hentry","category-economia"],"aioseo_notices":[],"views":9,"jetpack_publicize_connections":[],"jetpack_featured_media_url":"https:\/\/i0.wp.com\/elterritorialweb.com.ar\/web\/wp-content\/uploads\/2022\/02\/FB_IMG_1643690972537.jpg?fit=720%2C500&ssl=1","jetpack_sharing_enabled":true,"_links":{"self":[{"href":"https:\/\/elterritorialweb.com.ar\/web\/wp-json\/wp\/v2\/posts\/33561","targetHints":{"allow":["GET"]}}],"collection":[{"href":"https:\/\/elterritorialweb.com.ar\/web\/wp-json\/wp\/v2\/posts"}],"about":[{"href":"https:\/\/elterritorialweb.com.ar\/web\/wp-json\/wp\/v2\/types\/post"}],"author":[{"embeddable":true,"href":"https:\/\/elterritorialweb.com.ar\/web\/wp-json\/wp\/v2\/users\/2"}],"replies":[{"embeddable":true,"href":"https:\/\/elterritorialweb.com.ar\/web\/wp-json\/wp\/v2\/comments?post=33561"}],"version-history":[{"count":1,"href":"https:\/\/elterritorialweb.com.ar\/web\/wp-json\/wp\/v2\/posts\/33561\/revisions"}],"predecessor-version":[{"id":33563,"href":"https:\/\/elterritorialweb.com.ar\/web\/wp-json\/wp\/v2\/posts\/33561\/revisions\/33563"}],"wp:featuredmedia":[{"embeddable":true,"href":"https:\/\/elterritorialweb.com.ar\/web\/wp-json\/wp\/v2\/media\/33562"}],"wp:attachment":[{"href":"https:\/\/elterritorialweb.com.ar\/web\/wp-json\/wp\/v2\/media?parent=33561"}],"wp:term":[{"taxonomy":"category","embeddable":true,"href":"https:\/\/elterritorialweb.com.ar\/web\/wp-json\/wp\/v2\/categories?post=33561"},{"taxonomy":"post_tag","embeddable":true,"href":"https:\/\/elterritorialweb.com.ar\/web\/wp-json\/wp\/v2\/tags?post=33561"}],"curies":[{"name":"wp","href":"https:\/\/api.w.org\/{rel}","templated":true}]}}