{"id":33567,"date":"2022-02-01T06:30:33","date_gmt":"2022-02-01T06:30:33","guid":{"rendered":"http:\/\/elterritorialweb.com.ar\/web\/?p=33567"},"modified":"2022-02-01T06:30:34","modified_gmt":"2022-02-01T06:30:34","slug":"el-indice-de-salarios-aumento-un-39-y-quedo-por-encima-de-la-inflacion","status":"publish","type":"post","link":"https:\/\/elterritorialweb.com.ar\/web\/el-indice-de-salarios-aumento-un-39-y-quedo-por-encima-de-la-inflacion\/","title":{"rendered":"EL INDICE DE SALARIOS AUMENT\u00d3 UN 3,9% Y QUED\u00d3 POR ENCIMA DE LA INFLACI\u00d3N"},"content":{"rendered":"\n<p>El \u00edndice de salarios tuvo un<strong>&nbsp;aumento intermensual en noviembre 3,9%<\/strong>, con lo que nuevamente<strong>&nbsp;por encima de la inflaci\u00f3n<\/strong>&nbsp;de 2,5% registrada ese mes, inform\u00f3 este lunes el Instituto Nacional de Estad\u00edstica y Censos (Indec).<\/p>\n\n\n\n<p>Los salarios del sector privado registrado aumentaron&nbsp;<strong>4,5%<\/strong>, mientras que los del sector p\u00fablico se incrementaron<strong>&nbsp;2,7%<\/strong>, y los del sector privado no registrado,&nbsp;<strong>4,3%<\/strong>&nbsp;mensual, siempre en t\u00e9rminos intermensuales, inform\u00f3 el organismo.<\/p>\n\n\n\n<p>Durante noviembre se aplicaron varios aumentos correspondientes a cuotas paritarias o reajustes pendientes.<\/p>\n\n\n\n<p>Luego de que el Indec diera a conocer las cifras, el Ministerio de Econom\u00eda inform\u00f3 que \u201c<strong>se destacaron los aumentos en los sindicatos de estaciones de servicio, pl\u00e1sticos, alimentaci\u00f3n, comercio, madera y gastron\u00f3micos.<\/strong><\/p>\n\n\n\n<figure class=\"wp-block-embed is-type-rich is-provider-twitter wp-block-embed-twitter\"><div class=\"wp-block-embed__wrapper\">\n<blockquote class=\"twitter-tweet\" data-width=\"550\" data-dnt=\"true\"><p lang=\"es\" dir=\"ltr\"><a href=\"https:\/\/twitter.com\/hashtag\/DatoINDEC?src=hash&amp;ref_src=twsrc%5Etfw\">#DatoINDEC<\/a><br>El \u00edndice de salarios aument\u00f3 3,9% en noviembre de 2021 respecto de octubre y acumul\u00f3 un alza de 49,5% en los primeros once meses del a\u00f1o  <a href=\"https:\/\/t.co\/Ew76NQ60Q5\">https:\/\/t.co\/Ew76NQ60Q5<\/a> <a href=\"https:\/\/t.co\/eSAaDF0FFP\">pic.twitter.com\/eSAaDF0FFP<\/a><\/p>&mdash; INDEC Argentina (@INDECArgentina) <a href=\"https:\/\/twitter.com\/INDECArgentina\/status\/1488225886323232776?ref_src=twsrc%5Etfw\">January 31, 2022<\/a><\/blockquote><script async src=\"https:\/\/platform.twitter.com\/widgets.js\" charset=\"utf-8\"><\/script>\n<\/div><\/figure>\n\n\n\n<p>De esta forma, a un mes de finalizar 2021, el \u00cdndice de salarios total acumul\u00f3 en los primeros once meses del a\u00f1o un aumento de&nbsp;<strong>49,5%<\/strong>, por encima del incremento de los precios registrado en el mismo periodo que ascendi\u00f3 al 45,4%.<\/p>\n\n\n\n<p>Sin embargo, este crecimiento tuvo un comportamiento dispar. As\u00ed los salarios del sector p\u00fablico lideraron la suba con el 54,5%, seguidos por los del sector privado registrado, con el 53,1%, ubic\u00e1ndose por detr\u00e1s los ingresos de los trabajadores \u201cen negro\u201d, con el 32,8%.<\/p>\n\n\n\n<p>El ministro de Desarrollo Productivo,&nbsp;<strong>Mat\u00edas Kulfas<\/strong>, asegur\u00f3 que, para este a\u00f1o \u201cun gran desaf\u00edo es que el salario le gane a la inflaci\u00f3n\u201d.<\/p>\n\n\n\n<p>\u00abHemos tenido un 2021 muy complicado en inflaci\u00f3n a nivel internacional,\u00a0por eso trabajamos en en un esquema de 1.300 productos de precios acordados, buscando dar una canasta de referencia para poder lograr una reducci\u00f3n de la inflaci\u00f3n\u00bb.<\/p>\n\n\n\n<p>El ministro, en di\u00e1logo con AM750 la semana pasada, destac\u00f3 que desde el gobierno se apunta \u201ca la recuperaci\u00f3n del empleo y la actividad productiva, y que este a\u00f1o las subas salariales est\u00e9n por encima de la inflaci\u00f3n porque venimos de un gobierno, el de (Mauricio) Macri, que implic\u00f3 una licuaci\u00f3n del salario real de 20%\u00bb.<\/p>\n","protected":false},"excerpt":{"rendered":"<p>Los datos, dados a conocer por el Instituto Nacional de Estad\u00edstica y Censos, denotan un aumento intermensual superior a la inflaci\u00f3n de 2,5% registrada en el pen\u00faltimo mes de 2021.<\/p>\n","protected":false},"author":2,"featured_media":33568,"comment_status":"open","ping_status":"open","sticky":false,"template":"","format":"standard","meta":{"om_disable_all_campaigns":false,"_monsterinsights_skip_tracking":false,"_monsterinsights_sitenote_active":false,"_monsterinsights_sitenote_note":"","_monsterinsights_sitenote_category":0,"_uf_show_specific_survey":0,"_uf_disable_surveys":false,"jetpack_post_was_ever_published":false,"_jetpack_newsletter_access":"","_jetpack_dont_email_post_to_subs":false,"_jetpack_newsletter_tier_id":0,"_jetpack_memberships_contains_paywalled_content":false,"_jetpack_memberships_contains_paid_content":false,"footnotes":"","jetpack_publicize_message":"","jetpack_publicize_feature_enabled":true,"jetpack_social_post_already_shared":false,"jetpack_social_options":{"image_generator_settings":{"template":"highway","default_image_id":0,"font":"","enabled":false},"version":2}},"categories":[2],"tags":[],"class_list":["post-33567","post","type-post","status-publish","format-standard","has-post-thumbnail","hentry","category-economia"],"aioseo_notices":[],"views":10,"jetpack_publicize_connections":[],"jetpack_featured_media_url":"https:\/\/i0.wp.com\/elterritorialweb.com.ar\/web\/wp-content\/uploads\/2022\/02\/Asalariados.jpg?fit=800%2C483&ssl=1","jetpack_sharing_enabled":true,"_links":{"self":[{"href":"https:\/\/elterritorialweb.com.ar\/web\/wp-json\/wp\/v2\/posts\/33567","targetHints":{"allow":["GET"]}}],"collection":[{"href":"https:\/\/elterritorialweb.com.ar\/web\/wp-json\/wp\/v2\/posts"}],"about":[{"href":"https:\/\/elterritorialweb.com.ar\/web\/wp-json\/wp\/v2\/types\/post"}],"author":[{"embeddable":true,"href":"https:\/\/elterritorialweb.com.ar\/web\/wp-json\/wp\/v2\/users\/2"}],"replies":[{"embeddable":true,"href":"https:\/\/elterritorialweb.com.ar\/web\/wp-json\/wp\/v2\/comments?post=33567"}],"version-history":[{"count":1,"href":"https:\/\/elterritorialweb.com.ar\/web\/wp-json\/wp\/v2\/posts\/33567\/revisions"}],"predecessor-version":[{"id":33569,"href":"https:\/\/elterritorialweb.com.ar\/web\/wp-json\/wp\/v2\/posts\/33567\/revisions\/33569"}],"wp:featuredmedia":[{"embeddable":true,"href":"https:\/\/elterritorialweb.com.ar\/web\/wp-json\/wp\/v2\/media\/33568"}],"wp:attachment":[{"href":"https:\/\/elterritorialweb.com.ar\/web\/wp-json\/wp\/v2\/media?parent=33567"}],"wp:term":[{"taxonomy":"category","embeddable":true,"href":"https:\/\/elterritorialweb.com.ar\/web\/wp-json\/wp\/v2\/categories?post=33567"},{"taxonomy":"post_tag","embeddable":true,"href":"https:\/\/elterritorialweb.com.ar\/web\/wp-json\/wp\/v2\/tags?post=33567"}],"curies":[{"name":"wp","href":"https:\/\/api.w.org\/{rel}","templated":true}]}}