{"id":33570,"date":"2022-02-01T17:45:49","date_gmt":"2022-02-01T17:45:49","guid":{"rendered":"http:\/\/elterritorialweb.com.ar\/web\/?p=33570"},"modified":"2022-02-01T17:45:50","modified_gmt":"2022-02-01T17:45:50","slug":"jujuy-presenta-su-carnaval-en-tierras-santiaguenas","status":"publish","type":"post","link":"https:\/\/elterritorialweb.com.ar\/web\/jujuy-presenta-su-carnaval-en-tierras-santiaguenas\/","title":{"rendered":"JUJUY PRESENTA SU CARNAVAL EN TIERRAS SANTIAGUE\u00d1AS"},"content":{"rendered":"\n<p>En gira por el noroeste argentino, la delegaci\u00f3n de turismo de Jujuy, lleg\u00f3 a Santiago del Estero para promocionar el carnaval y sus virtudes culturales que los hacen \u00fanicos en el pa\u00eds. Encabezada por la Directora del Ente de Promoci\u00f3n tur\u00edstica de Jujuy, Nadia Serrano que en dialogo con EL TERRITORIAL WEB se refiri\u00f3 a la visita a nuestra provincia.<\/p>\n\n\n\n<p>Al ser consultada sobre la visita, Serrano afirm\u00f3: <em>\u00abVinimos a todo el norte argentino, empezando por Santiago del Estero, donde estuvimos la tarde de ayer y hoy estaremos hasta las 2 aproximadamente, porque despu\u00e9s seguimos nuestra gira por Tucum\u00e1n y Salta\u00bb.<\/em><\/p>\n\n\n\n<p><em>\u00abLo que trajimos es toda la oferta de lo que es el carnaval en Jujuy, no solo el carnaval grande que es del 25 al 28 de febrero, sino todas las posibilidades de disfrute que tiene el santiague\u00f1o para lo que es la previa del carnaval y posterior al mismo, que por ah\u00ed son los eventos menos difundidos, pero que necesitamos que la gente vaya en esas \u00e9pocas por que el carnaval grande, la verdad que esta todo colapsado en lo que son las reservas hoteleras\u00bb.<\/em><\/p>\n\n\n\n<figure class=\"wp-block-image size-large\"><a href=\"https:\/\/i0.wp.com\/elterritorialweb.com.ar\/web\/wp-content\/uploads\/2022\/02\/WhatsApp-Image-2022-02-01-at-4.00.14-PM.jpeg\"><img data-recalc-dims=\"1\" decoding=\"async\" width=\"640\" height=\"480\" data-src=\"https:\/\/i0.wp.com\/elterritorialweb.com.ar\/web\/wp-content\/uploads\/2022\/02\/WhatsApp-Image-2022-02-01-at-4.00.14-PM.jpeg?resize=640%2C480\" alt=\"\" class=\"wp-image-33572 lazyload\" data-srcset=\"https:\/\/i0.wp.com\/elterritorialweb.com.ar\/web\/wp-content\/uploads\/2022\/02\/WhatsApp-Image-2022-02-01-at-4.00.14-PM.jpeg?resize=1024%2C768&amp;ssl=1 1024w, https:\/\/i0.wp.com\/elterritorialweb.com.ar\/web\/wp-content\/uploads\/2022\/02\/WhatsApp-Image-2022-02-01-at-4.00.14-PM.jpeg?resize=300%2C225&amp;ssl=1 300w, https:\/\/i0.wp.com\/elterritorialweb.com.ar\/web\/wp-content\/uploads\/2022\/02\/WhatsApp-Image-2022-02-01-at-4.00.14-PM.jpeg?resize=768%2C576&amp;ssl=1 768w, https:\/\/i0.wp.com\/elterritorialweb.com.ar\/web\/wp-content\/uploads\/2022\/02\/WhatsApp-Image-2022-02-01-at-4.00.14-PM.jpeg?w=1280&amp;ssl=1 1280w\" data-sizes=\"(max-width: 640px) 100vw, 640px\" src=\"data:image\/svg+xml;base64,PHN2ZyB3aWR0aD0iMSIgaGVpZ2h0PSIxIiB4bWxucz0iaHR0cDovL3d3dy53My5vcmcvMjAwMC9zdmciPjwvc3ZnPg==\" style=\"--smush-placeholder-width: 640px; --smush-placeholder-aspect-ratio: 640\/480;\" \/><\/a><\/figure>\n\n\n\n<p>Agreg\u00f3 adem\u00e1s que <em>\u00abtrajimos la muestra del carnaval totalmente distinta, que no solo son los diablos de la quebrada sino que tambi\u00e9n todo lo que sucede de las yuntas en San Pedro puntualmente, que es un carnaval mas carioca, un carnaval que tiene que ver con la cultura guaran\u00ed, que es esta mezcla maravillosa y contraste de cultura que tiene Jujuy en una provincia tan chica, as\u00ed que trajimos todo eso para que el santiague\u00f1o pueda elegir cual ser\u00e1 su pr\u00f3ximo destino, no solamente en carnaval sino en lo largo del a\u00f1o\u00bb.<\/em><\/p>\n\n\n\n<p>Por otra parte manifest\u00f3: <em>\u00abEl santiague\u00f1o es uno de los que mas elige Jujuy por eso trajimos estas alternativas para los que  no  encuentren alojamiento para  el carnaval grande, puedan disfrutar del carnaval, el fin de semana antes y el fin de semana posterior, en lo que tambi\u00e9n suceden un mont\u00f3n de cosas que la verdad no son tan difundidas, pero que tienen mucho que ver con nuestra cultura, como por ejemplo es el entierro del carnaval, lo que es el carnaval de ablande, que es una semana previa, son todas cosas que suceden en nuestra cultura y que la verdad son super interesantes para que puedan descubrirlo y vivir una experiencia totalmente distinta\u00bb.<\/em><\/p>\n\n\n\n<figure class=\"wp-block-image size-large\"><a href=\"https:\/\/i0.wp.com\/elterritorialweb.com.ar\/web\/wp-content\/uploads\/2022\/02\/WhatsApp-Image-2022-02-01-at-4.15.23-PM.jpeg\"><img data-recalc-dims=\"1\" decoding=\"async\" width=\"640\" height=\"480\" data-src=\"https:\/\/i0.wp.com\/elterritorialweb.com.ar\/web\/wp-content\/uploads\/2022\/02\/WhatsApp-Image-2022-02-01-at-4.15.23-PM.jpeg?resize=640%2C480\" alt=\"\" class=\"wp-image-33573 lazyload\" data-srcset=\"https:\/\/i0.wp.com\/elterritorialweb.com.ar\/web\/wp-content\/uploads\/2022\/02\/WhatsApp-Image-2022-02-01-at-4.15.23-PM.jpeg?resize=1024%2C768&amp;ssl=1 1024w, https:\/\/i0.wp.com\/elterritorialweb.com.ar\/web\/wp-content\/uploads\/2022\/02\/WhatsApp-Image-2022-02-01-at-4.15.23-PM.jpeg?resize=300%2C225&amp;ssl=1 300w, https:\/\/i0.wp.com\/elterritorialweb.com.ar\/web\/wp-content\/uploads\/2022\/02\/WhatsApp-Image-2022-02-01-at-4.15.23-PM.jpeg?resize=768%2C576&amp;ssl=1 768w, https:\/\/i0.wp.com\/elterritorialweb.com.ar\/web\/wp-content\/uploads\/2022\/02\/WhatsApp-Image-2022-02-01-at-4.15.23-PM.jpeg?w=1280&amp;ssl=1 1280w\" data-sizes=\"(max-width: 640px) 100vw, 640px\" src=\"data:image\/svg+xml;base64,PHN2ZyB3aWR0aD0iMSIgaGVpZ2h0PSIxIiB4bWxucz0iaHR0cDovL3d3dy53My5vcmcvMjAwMC9zdmciPjwvc3ZnPg==\" style=\"--smush-placeholder-width: 640px; --smush-placeholder-aspect-ratio: 640\/480;\" \/><\/a><\/figure>\n\n\n\n<p>Finalmente destac\u00f3 que <em>\u00ablo bueno que tiene nuestro carnaval es que a diferencia de todos los carnavales en el mundo, en el carnaval de  Jujuy sos participes y no solamente espectador, as\u00ed que es eso lo que tiene nuestro carnaval que lo hace tan atractivo no solo para los santiague\u00f1os sino para todo el pa\u00eds\u00bb.<\/em><\/p>\n","protected":false},"excerpt":{"rendered":"<p>Con un evento de promoci\u00f3n tur\u00edstica, Jujuy llego a la Madre de Ciudades para promocionar su cultura.<\/p>\n","protected":false},"author":2,"featured_media":33571,"comment_status":"open","ping_status":"open","sticky":false,"template":"","format":"standard","meta":{"om_disable_all_campaigns":false,"_monsterinsights_skip_tracking":false,"_monsterinsights_sitenote_active":false,"_monsterinsights_sitenote_note":"","_monsterinsights_sitenote_category":0,"_uf_show_specific_survey":0,"_uf_disable_surveys":false,"jetpack_post_was_ever_published":false,"_jetpack_newsletter_access":"","_jetpack_dont_email_post_to_subs":false,"_jetpack_newsletter_tier_id":0,"_jetpack_memberships_contains_paywalled_content":false,"_jetpack_memberships_contains_paid_content":false,"footnotes":"","jetpack_publicize_message":"","jetpack_publicize_feature_enabled":true,"jetpack_social_post_already_shared":false,"jetpack_social_options":{"image_generator_settings":{"template":"highway","default_image_id":0,"font":"","enabled":false},"version":2}},"categories":[21],"tags":[],"class_list":["post-33570","post","type-post","status-publish","format-standard","has-post-thumbnail","hentry","category-locales"],"aioseo_notices":[],"views":35,"jetpack_publicize_connections":[],"jetpack_featured_media_url":"https:\/\/i0.wp.com\/elterritorialweb.com.ar\/web\/wp-content\/uploads\/2022\/02\/WhatsApp-Image-2022-02-01-at-4.15.05-PM.jpeg?fit=1280%2C960&ssl=1","jetpack_sharing_enabled":true,"_links":{"self":[{"href":"https:\/\/elterritorialweb.com.ar\/web\/wp-json\/wp\/v2\/posts\/33570","targetHints":{"allow":["GET"]}}],"collection":[{"href":"https:\/\/elterritorialweb.com.ar\/web\/wp-json\/wp\/v2\/posts"}],"about":[{"href":"https:\/\/elterritorialweb.com.ar\/web\/wp-json\/wp\/v2\/types\/post"}],"author":[{"embeddable":true,"href":"https:\/\/elterritorialweb.com.ar\/web\/wp-json\/wp\/v2\/users\/2"}],"replies":[{"embeddable":true,"href":"https:\/\/elterritorialweb.com.ar\/web\/wp-json\/wp\/v2\/comments?post=33570"}],"version-history":[{"count":1,"href":"https:\/\/elterritorialweb.com.ar\/web\/wp-json\/wp\/v2\/posts\/33570\/revisions"}],"predecessor-version":[{"id":33574,"href":"https:\/\/elterritorialweb.com.ar\/web\/wp-json\/wp\/v2\/posts\/33570\/revisions\/33574"}],"wp:featuredmedia":[{"embeddable":true,"href":"https:\/\/elterritorialweb.com.ar\/web\/wp-json\/wp\/v2\/media\/33571"}],"wp:attachment":[{"href":"https:\/\/elterritorialweb.com.ar\/web\/wp-json\/wp\/v2\/media?parent=33570"}],"wp:term":[{"taxonomy":"category","embeddable":true,"href":"https:\/\/elterritorialweb.com.ar\/web\/wp-json\/wp\/v2\/categories?post=33570"},{"taxonomy":"post_tag","embeddable":true,"href":"https:\/\/elterritorialweb.com.ar\/web\/wp-json\/wp\/v2\/tags?post=33570"}],"curies":[{"name":"wp","href":"https:\/\/api.w.org\/{rel}","templated":true}]}}