{"id":33575,"date":"2022-02-02T00:12:36","date_gmt":"2022-02-02T00:12:36","guid":{"rendered":"http:\/\/elterritorialweb.com.ar\/web\/?p=33575"},"modified":"2022-02-02T00:12:37","modified_gmt":"2022-02-02T00:12:37","slug":"practicas-finales-obligatorias-de-estudiantes-de-medicina-de-la-unse-en-el-hospital-de-nueva-esperanza","status":"publish","type":"post","link":"https:\/\/elterritorialweb.com.ar\/web\/practicas-finales-obligatorias-de-estudiantes-de-medicina-de-la-unse-en-el-hospital-de-nueva-esperanza\/","title":{"rendered":"PRACTICAS FINALES OBLIGATORIAS DE ESTUDIANTES DE MEDICINA DE LA UNSE EN EL HOSPITAL DE NUEVA ESPERANZA"},"content":{"rendered":"\n<p>El acto fue presidido por la ministra de Salud de la provincia Lic. Natividad Nassif, el Rector de la U.N.S.E. Ing. H\u00e9ctor Paz, el Decano de la Facultad de Ciencias M\u00e9dicas Dr. Eduardo Allub, la Secretaria Acad\u00e9mica de la FCM, Dra. Mar\u00eda Gabriela Pic\u00f3n, la Directora del Hospital Zonal Dra. Rosana Roldan y los alumnos que efectuar\u00e1n sus pr\u00e1cticas Julieta Del Castillo y Pablo Fuentes.<br>La Ministra de Salud, Lic. Nassif, destac\u00f3 la importancia de que el proceso de ense\u00f1anza &#8211; aprendizaje \u201cse desarrolle en territorio, fuera de un aula. Esta carrera es un anhelo del pueblo santiague\u00f1o, que se fue gestando durante muchos a\u00f1os hasta que se logr\u00f3 concretar por una decisi\u00f3n y vocaci\u00f3n de la Universidad p\u00fablica y del Gobierno de la Provincia. Estamos orgullosos de poder ofrecer la carrera de medicina a quienes optan por estos estudios en la provincia\u201d.<br>Asimismo, la Ministra de Salud, hizo hincapi\u00e9 en las l\u00edneas de trabajo trazadas: \u201clas pol\u00edticas sanitarias poseen una perspectiva territorial que se est\u00e1 fortaleciendo con un proceso de georreferenciaci\u00f3n de todos los hogares de la provincia y con la atenci\u00f3n a la poblaci\u00f3n desde nuestros hospitales. Ante la fisionom\u00eda de la provincia, estamos trabajando en continuar equipando a los hospitales zonales con mayor capacidad de atenci\u00f3n y de diagn\u00f3stico\u201d.<br>A su momento, el Rector de la Universidad Nacional de Santiago del Estero Ing. H\u00e9ctor Paz, brind\u00f3 su agradecimiento al sistema de salud de la provincia \u201ces un d\u00eda hist\u00f3rico que marcar\u00e1 la vida de nuestra universidad, hoy nuestros dos primeros estudiantes llegan a las pr\u00e1cticas finales obligatorias y lo hacen en rotaci\u00f3n rural en el Hospital Zonal de Nueva Esperanza. Este es un proyecto que integra el gobierno provincial junto a la Universidad con el objetivo de que los santiague\u00f1os puedan estudiar, se reciban y trabajen en Santiago del Estero\u201d.<br>Por su parte, la Secretaria Acad\u00e9mica de la Facultad de Medicina, Dra. Mar\u00eda Gabriela Pic\u00f3n, se refiri\u00f3 a la instancia de pr\u00e1ctica final obligatoria en la carrera: \u201cplanteamos la pr\u00e1ctica como una etapa en la que los alumnos participen en un proyecto en el cual sean agentes transformadores insertos en una comunidad. Agradecemos al Ministerio de Salud de la provincia, a las autoridades y personal del Hospital Zonal que asumen el compromiso de ser docentes\u201d.<br>Para finalizar, los estudiantes que realizar\u00e1n las pr\u00e1cticas finales Julieta Del Castillo y Pablo Fuentes, compartieron unas palabras. Julieta: \u201ces un orgullo poder haber estudiado en nuestra provincia, muchos de nosotros no hubi\u00e9ramos tenido la posibilidad de ir a otra provincia a estudiar. Llegamos aqu\u00ed con mucha expectativa de poder colaborar con la comunidad y que la comunidad nos ense\u00f1e a nosotros tambi\u00e9n\u201d. Pablo: \u201cestar aqu\u00ed sirve mucho para la formaci\u00f3n de profesionales, este es el puntapi\u00e9 para el trabajo de ma\u00f1ana. Salir al terreno es muy importante, conocer las zonas donde no estamos llegando hoy para que el d\u00eda de ma\u00f1ana podamos sumar a este sistema de salud, a la comunidad santiague\u00f1a\u201d.<\/p>\n","protected":false},"excerpt":{"rendered":"<p>En un acto protocolar llevado a cabo en el Hospital Zonal Nueva Esperanza, se dio comienzo a las pr\u00e1cticas finales obligatorias de estudiantes de \u00faltimo a\u00f1o de la carrera de Medicina de la Universidad Nacional de Santiago del Estero. <\/p>\n","protected":false},"author":2,"featured_media":33576,"comment_status":"open","ping_status":"open","sticky":false,"template":"","format":"standard","meta":{"om_disable_all_campaigns":false,"_monsterinsights_skip_tracking":false,"_monsterinsights_sitenote_active":false,"_monsterinsights_sitenote_note":"","_monsterinsights_sitenote_category":0,"_uf_show_specific_survey":0,"_uf_disable_surveys":false,"jetpack_post_was_ever_published":false,"_jetpack_newsletter_access":"","_jetpack_dont_email_post_to_subs":false,"_jetpack_newsletter_tier_id":0,"_jetpack_memberships_contains_paywalled_content":false,"_jetpack_memberships_contains_paid_content":false,"footnotes":"","jetpack_publicize_message":"","jetpack_publicize_feature_enabled":true,"jetpack_social_post_already_shared":false,"jetpack_social_options":{"image_generator_settings":{"template":"highway","default_image_id":0,"font":"","enabled":false},"version":2}},"categories":[21],"tags":[],"class_list":["post-33575","post","type-post","status-publish","format-standard","has-post-thumbnail","hentry","category-locales"],"aioseo_notices":[],"views":7,"jetpack_publicize_connections":[],"jetpack_featured_media_url":"https:\/\/i0.wp.com\/elterritorialweb.com.ar\/web\/wp-content\/uploads\/2022\/02\/hospital-.jpeg?fit=1280%2C960&ssl=1","jetpack_sharing_enabled":true,"_links":{"self":[{"href":"https:\/\/elterritorialweb.com.ar\/web\/wp-json\/wp\/v2\/posts\/33575","targetHints":{"allow":["GET"]}}],"collection":[{"href":"https:\/\/elterritorialweb.com.ar\/web\/wp-json\/wp\/v2\/posts"}],"about":[{"href":"https:\/\/elterritorialweb.com.ar\/web\/wp-json\/wp\/v2\/types\/post"}],"author":[{"embeddable":true,"href":"https:\/\/elterritorialweb.com.ar\/web\/wp-json\/wp\/v2\/users\/2"}],"replies":[{"embeddable":true,"href":"https:\/\/elterritorialweb.com.ar\/web\/wp-json\/wp\/v2\/comments?post=33575"}],"version-history":[{"count":1,"href":"https:\/\/elterritorialweb.com.ar\/web\/wp-json\/wp\/v2\/posts\/33575\/revisions"}],"predecessor-version":[{"id":33577,"href":"https:\/\/elterritorialweb.com.ar\/web\/wp-json\/wp\/v2\/posts\/33575\/revisions\/33577"}],"wp:featuredmedia":[{"embeddable":true,"href":"https:\/\/elterritorialweb.com.ar\/web\/wp-json\/wp\/v2\/media\/33576"}],"wp:attachment":[{"href":"https:\/\/elterritorialweb.com.ar\/web\/wp-json\/wp\/v2\/media?parent=33575"}],"wp:term":[{"taxonomy":"category","embeddable":true,"href":"https:\/\/elterritorialweb.com.ar\/web\/wp-json\/wp\/v2\/categories?post=33575"},{"taxonomy":"post_tag","embeddable":true,"href":"https:\/\/elterritorialweb.com.ar\/web\/wp-json\/wp\/v2\/tags?post=33575"}],"curies":[{"name":"wp","href":"https:\/\/api.w.org\/{rel}","templated":true}]}}