{"id":33578,"date":"2022-02-02T00:27:33","date_gmt":"2022-02-02T00:27:33","guid":{"rendered":"http:\/\/elterritorialweb.com.ar\/web\/?p=33578"},"modified":"2022-02-02T00:27:33","modified_gmt":"2022-02-02T00:27:33","slug":"brindan-detalles-del-desarrollo-en-nuestra-provincia-del-programa-potenciar-trabajo","status":"publish","type":"post","link":"https:\/\/elterritorialweb.com.ar\/web\/brindan-detalles-del-desarrollo-en-nuestra-provincia-del-programa-potenciar-trabajo\/","title":{"rendered":"BRINDAN DETALLES DEL DESARROLLO, EN NUESTRA PROVINCIA, DEL PROGRAMA \u00abPOTENCIAR TRABAJO\u00bb"},"content":{"rendered":"\n<p>Al respecto, el coordinador provincial del mismo, Fabi\u00e1n Nieto remarc\u00f3 \u201cel programa es una proyecci\u00f3n de los programas \u201cArgentina trabaja\u201d, \u201cellas hacen\u201d y \u201chaciendo futuro\u201d. Se nuclearon los tres programas en uno solo, donde la provincia tiene como unidad de gesti\u00f3n al Ministerio de Desarrollo Social a cargo del Dr. \u00c1ngel Niccolai. Mediante convenio con el Ministerio de Desarrollo Social de la Naci\u00f3n, nos hicieron cargo de tres mil trescientos sesenta y seis titulares del beneficio\u201d. Agreg\u00f3 que \u201ctenemos un acta acuerdo con el Municipio de la Capital, con el de la Banda para que los titulares desempe\u00f1en y cumplan su contraprestaci\u00f3n en actividades inherentes a los municipios\u201d, cont\u00f3 Nieto y coment\u00f3 \u201ctenemos gente trabajando en el banco de alimentos y tambi\u00e9n en instituciones deportivas, en Capital, La Banda y refaccionando edificios p\u00fablicos\u201d. Destac\u00f3 \u201ccreo que esto es una muestra que la gente si est\u00e1 decidida a trabajar, si quiere cumplir con una actividad y no cobrar un beneficio sin trabajar. Esta puesta de manifiesto la voluntad de querer llevar dignamente el pan a sus hogares\u201d, resalt\u00f3 Fabi\u00e1n Nieto, coordinador Provincial del Programa Potenciar Trabajo.<\/p>\n\n\n\n<figure class=\"wp-block-image size-large\"><a href=\"https:\/\/i0.wp.com\/elterritorialweb.com.ar\/web\/wp-content\/uploads\/2022\/02\/desarrollo-.jpg\"><img data-recalc-dims=\"1\" decoding=\"async\" width=\"640\" height=\"427\" data-src=\"https:\/\/i0.wp.com\/elterritorialweb.com.ar\/web\/wp-content\/uploads\/2022\/02\/desarrollo-.jpg?resize=640%2C427\" alt=\"\" class=\"wp-image-33579 lazyload\" data-srcset=\"https:\/\/i0.wp.com\/elterritorialweb.com.ar\/web\/wp-content\/uploads\/2022\/02\/desarrollo-.jpg?resize=1024%2C683&amp;ssl=1 1024w, https:\/\/i0.wp.com\/elterritorialweb.com.ar\/web\/wp-content\/uploads\/2022\/02\/desarrollo-.jpg?resize=300%2C200&amp;ssl=1 300w, https:\/\/i0.wp.com\/elterritorialweb.com.ar\/web\/wp-content\/uploads\/2022\/02\/desarrollo-.jpg?resize=768%2C512&amp;ssl=1 768w, https:\/\/i0.wp.com\/elterritorialweb.com.ar\/web\/wp-content\/uploads\/2022\/02\/desarrollo-.jpg?resize=1536%2C1025&amp;ssl=1 1536w, https:\/\/i0.wp.com\/elterritorialweb.com.ar\/web\/wp-content\/uploads\/2022\/02\/desarrollo-.jpg?resize=2048%2C1367&amp;ssl=1 2048w, https:\/\/i0.wp.com\/elterritorialweb.com.ar\/web\/wp-content\/uploads\/2022\/02\/desarrollo-.jpg?w=1280 1280w, https:\/\/i0.wp.com\/elterritorialweb.com.ar\/web\/wp-content\/uploads\/2022\/02\/desarrollo-.jpg?w=1920 1920w\" data-sizes=\"(max-width: 640px) 100vw, 640px\" src=\"data:image\/svg+xml;base64,PHN2ZyB3aWR0aD0iMSIgaGVpZ2h0PSIxIiB4bWxucz0iaHR0cDovL3d3dy53My5vcmcvMjAwMC9zdmciPjwvc3ZnPg==\" style=\"--smush-placeholder-width: 640px; --smush-placeholder-aspect-ratio: 640\/427;\" \/><\/a><\/figure>\n\n\n\n<p>Cecilia Ag\u00fcero, una beneficiaria del Programa \u201cPotenciar Trabajo\u201d, coment\u00f3, \u201cmucha gente desconoce el trabajo de nosotros, como as\u00ed tambi\u00e9n la formaci\u00f3n que recibimos. Muchos compa\u00f1eros han podido terminar la primaria, la secundaria. En mi caso, me acabo de recibir de agente sanitario. Todo esto permite el programa, a trav\u00e9s de la contra prestaci\u00f3n de servicio, tener esa posibilidad de acceder a la educaci\u00f3n que uno quiere y mejorar la calidad de vida\u201d.<br>Con respecto a las capacitaciones recibidas, Ag\u00fcero manifest\u00f3, \u201cnosotros hemos recibido capacitaciones con la UOCRA, que es toda la parte de construcci\u00f3n, despu\u00e9s en la Universidad Nacional, donde nos capacitan para trabajar en grupos humanos, como reaccionar ante situaciones, como moderar nuestras maneras de trabajar y sobre todo no dejando de lado lo humano que es lo m\u00e1s importante\u201d.<\/p>\n","protected":false},"excerpt":{"rendered":"<p>Desde el Ministerio de Desarrollo Social de la Provincia dieron a conocer el trabajo diario que llevan adelante los m\u00e1s de tres mil santiague\u00f1os que comprenden el programa \u201cPotenciar Trabajo\u201d. <\/p>\n","protected":false},"author":2,"featured_media":33580,"comment_status":"open","ping_status":"open","sticky":false,"template":"","format":"standard","meta":{"om_disable_all_campaigns":false,"_monsterinsights_skip_tracking":false,"_monsterinsights_sitenote_active":false,"_monsterinsights_sitenote_note":"","_monsterinsights_sitenote_category":0,"_uf_show_specific_survey":0,"_uf_disable_surveys":false,"jetpack_post_was_ever_published":false,"_jetpack_newsletter_access":"","_jetpack_dont_email_post_to_subs":false,"_jetpack_newsletter_tier_id":0,"_jetpack_memberships_contains_paywalled_content":false,"_jetpack_memberships_contains_paid_content":false,"footnotes":"","jetpack_publicize_message":"","jetpack_publicize_feature_enabled":true,"jetpack_social_post_already_shared":false,"jetpack_social_options":{"image_generator_settings":{"template":"highway","default_image_id":0,"font":"","enabled":false},"version":2}},"categories":[21],"tags":[],"class_list":["post-33578","post","type-post","status-publish","format-standard","has-post-thumbnail","hentry","category-locales"],"aioseo_notices":[],"views":10,"jetpack_publicize_connections":[],"jetpack_featured_media_url":"https:\/\/i0.wp.com\/elterritorialweb.com.ar\/web\/wp-content\/uploads\/2022\/02\/desarrollo1.jpg?fit=2248%2C1500&ssl=1","jetpack_sharing_enabled":true,"_links":{"self":[{"href":"https:\/\/elterritorialweb.com.ar\/web\/wp-json\/wp\/v2\/posts\/33578","targetHints":{"allow":["GET"]}}],"collection":[{"href":"https:\/\/elterritorialweb.com.ar\/web\/wp-json\/wp\/v2\/posts"}],"about":[{"href":"https:\/\/elterritorialweb.com.ar\/web\/wp-json\/wp\/v2\/types\/post"}],"author":[{"embeddable":true,"href":"https:\/\/elterritorialweb.com.ar\/web\/wp-json\/wp\/v2\/users\/2"}],"replies":[{"embeddable":true,"href":"https:\/\/elterritorialweb.com.ar\/web\/wp-json\/wp\/v2\/comments?post=33578"}],"version-history":[{"count":1,"href":"https:\/\/elterritorialweb.com.ar\/web\/wp-json\/wp\/v2\/posts\/33578\/revisions"}],"predecessor-version":[{"id":33581,"href":"https:\/\/elterritorialweb.com.ar\/web\/wp-json\/wp\/v2\/posts\/33578\/revisions\/33581"}],"wp:featuredmedia":[{"embeddable":true,"href":"https:\/\/elterritorialweb.com.ar\/web\/wp-json\/wp\/v2\/media\/33580"}],"wp:attachment":[{"href":"https:\/\/elterritorialweb.com.ar\/web\/wp-json\/wp\/v2\/media?parent=33578"}],"wp:term":[{"taxonomy":"category","embeddable":true,"href":"https:\/\/elterritorialweb.com.ar\/web\/wp-json\/wp\/v2\/categories?post=33578"},{"taxonomy":"post_tag","embeddable":true,"href":"https:\/\/elterritorialweb.com.ar\/web\/wp-json\/wp\/v2\/tags?post=33578"}],"curies":[{"name":"wp","href":"https:\/\/api.w.org\/{rel}","templated":true}]}}