{"id":33582,"date":"2022-02-02T01:26:00","date_gmt":"2022-02-02T01:26:00","guid":{"rendered":"http:\/\/elterritorialweb.com.ar\/web\/?p=33582"},"modified":"2022-02-02T01:26:00","modified_gmt":"2022-02-02T01:26:00","slug":"coronavirus-en-santiago-se-confirmaron-89-casos-positivos-y-seis-fallecidos-en-la-provincia","status":"publish","type":"post","link":"https:\/\/elterritorialweb.com.ar\/web\/coronavirus-en-santiago-se-confirmaron-89-casos-positivos-y-seis-fallecidos-en-la-provincia\/","title":{"rendered":"CORONAVIRUS EN SANTIAGO: SE CONFIRMARON 89 CASOS POSITIVOS Y SEIS FALLECIDOS EN LA PROVINCIA"},"content":{"rendered":"\n<p>Se recuperaron setenta y tres (73) casos, por lo que son ciento nueve mil ciento catorce (109.114) los casos recuperados en la provincia.<br><\/p>\n\n\n\n<p><strong>Se notific\u00f3 el fallecimiento de seis (6) personas con diagn\u00f3stico de COVID-19 activo. Una mujer de 73 a\u00f1os con comorbilidades, una mujer de 88 a\u00f1os con comorbilidades, un hombre de 82 a\u00f1os con comorbilidades, una mujer de 91 a\u00f1os con comorbilidades, un hombre de 82 a\u00f1os con comorbilidades y una mujer de 90 a\u00f1os con comorbilidades, internados en el sector privado.<\/strong><br><\/p>\n\n\n\n<p>Hay un total de mil ciento setenta y cinco (1.175) personas positivas fallecidas en la provincia.<br><\/p>\n\n\n\n<p>Se procesaron un total de quinientos veinti\u00fan (521) muestras.<br><\/p>\n\n\n\n<p><strong>Se confirmaron ochenta y nueve (89) casos positivos de COVID -19 en la provincia, Capital-Banda (49) e interior de la provincia (40): A\u00f1atuya 1, Argentina 1, Brea Pozo 3, Ca\u00f1ada de la Costa 1, Cardon Esquina 1, Cha\u00f1ar Pocito 1, Colonia El Simbolar 1, El Charco 1, Frias 8, Garza 1, Las Tinajas 1, Lavalle 1, Loro Huasi 1, Los Arias 1. Mailin 1, Medellin 3, Pampa de los Guanacos 3, Quimili 1, Sotelo 1, Termas 5, Tintina 1, Villa Atamisqui 1, Villa La Punta 1<\/strong><br><\/p>\n\n\n\n<p>Permanecen activos dos mil setecientos treinta y ocho (2.738) casos en la provincia.<br><\/p>\n\n\n\n<p>El total de casos positivos acumulados es de ciento quince mil doscientos veinticinco (115.225)<br><\/p>\n\n\n\n<p>Se descartaron cuatrocientos treinta y dos (432) casos el d\u00eda de hoy, por lo que hay trescientos cincuenta y tres mil seiscientos noventa y uno (353.691) casos descartados a la fecha.<\/p>\n\n\n\n<p><strong>Importante<\/strong>: La diferencia de casos acumulados, y difundidos en el informe nacional, obedece a diferentes horarios de carga, y a santiague\u00f1os que residen en otras provincias pero que no tienen realizado el cambio de domicilio legal en su DNI. Se ha solicitado el correspondiente pedido de reclasificaci\u00f3n de los casos excedentes cargados para nuestra provincia.<br><\/p>\n\n\n\n<p>TODAS las personas notificadas como positivas de COVID y sus contactos estrechos convivientes, que cuentan con su esquema completo de vacunaci\u00f3n para COVID, DEBEN realizar AISLAMIENTO SANITARIO OBLIGATORIO de 7 d\u00edas.<br><\/p>\n\n\n\n<p>TODAS las personas que son contactos estrechos NO convivientes, que cuentan con su esquema completo de vacunaci\u00f3n para COVID, DEBEN realizar AISLAMIENTO SANITARIO OBLIGATORIO de 5 d\u00edas.<br><\/p>\n\n\n\n<p>TODAS las personas notificadas como positivo de COVID y los contactos estrechos que NO est\u00e9n vacunados o tengan su esquema incompleto de vacuna contra COVID, DEBEN realizar AISLAMIENTO SANITARIO OBLIGATORIO de 10 d\u00edas.<br><\/p>\n\n\n\n<p>Durante el aislamiento sanitario las personas no pueden salir de su hogar ni recibir visitas y deben cumplir con las medidas de prevenci\u00f3n indicadas por las autoridades sanitarias.<br><\/p>\n\n\n\n<p>Ante la presencia de fiebre mayor o igual a 37,5 \u00b0 y s\u00edntomas respiratorios como tos, dolor de garganta, dificultad para respirar, adem\u00e1s de falta de gusto y olfato de reciente aparici\u00f3n, y tambi\u00e9n cefalea, diarrea y \/ o v\u00f3mitos o al haber estado en contacto con un caso confirmado, se insta a la poblaci\u00f3n a que haga un contacto de inmediato con el sistema de salud contact\u00e1ndose con su centro de salud m\u00e1s cercano o comunic\u00e1ndose al 107 y evite el contacto social<br><\/p>\n\n\n\n<p>Tambi\u00e9n se recuerda que se realiza el hisopado a las personas con s\u00edntomas compatibles de COVID-19<br><\/p>\n\n\n\n<p>Recordemos continuar respetando las medidas de uso de barbijo, distancia f\u00edsica, ventilar los ambientes y lavarnos frecuentemente las manos con agua y jab\u00f3n.<br><\/p>\n\n\n\n<p>Respetar todos los protocolos vigentes y cumplir con el esquema de vacunaci\u00f3n contra COVID<br>La \u00fanica herramienta que tenemos es la prevenci\u00f3n.<\/p>\n","protected":false},"excerpt":{"rendered":"<p>Informe del Ministerio de Salud de la provincia de Santiago del Estero.<\/p>\n","protected":false},"author":2,"featured_media":33583,"comment_status":"open","ping_status":"open","sticky":false,"template":"","format":"standard","meta":{"om_disable_all_campaigns":false,"_monsterinsights_skip_tracking":false,"_monsterinsights_sitenote_active":false,"_monsterinsights_sitenote_note":"","_monsterinsights_sitenote_category":0,"_uf_show_specific_survey":0,"_uf_disable_surveys":false,"jetpack_post_was_ever_published":false,"_jetpack_newsletter_access":"","_jetpack_dont_email_post_to_subs":false,"_jetpack_newsletter_tier_id":0,"_jetpack_memberships_contains_paywalled_content":false,"_jetpack_memberships_contains_paid_content":false,"footnotes":"","jetpack_publicize_message":"","jetpack_publicize_feature_enabled":true,"jetpack_social_post_already_shared":false,"jetpack_social_options":{"image_generator_settings":{"template":"highway","default_image_id":0,"font":"","enabled":false},"version":2}},"categories":[3],"tags":[],"class_list":["post-33582","post","type-post","status-publish","format-standard","has-post-thumbnail","hentry","category-salud"],"aioseo_notices":[],"views":12,"jetpack_publicize_connections":[],"jetpack_featured_media_url":"https:\/\/i0.wp.com\/elterritorialweb.com.ar\/web\/wp-content\/uploads\/2022\/02\/IMG_20220201_114152_8752.jpg?fit=2329%2C2388&ssl=1","jetpack_sharing_enabled":true,"_links":{"self":[{"href":"https:\/\/elterritorialweb.com.ar\/web\/wp-json\/wp\/v2\/posts\/33582","targetHints":{"allow":["GET"]}}],"collection":[{"href":"https:\/\/elterritorialweb.com.ar\/web\/wp-json\/wp\/v2\/posts"}],"about":[{"href":"https:\/\/elterritorialweb.com.ar\/web\/wp-json\/wp\/v2\/types\/post"}],"author":[{"embeddable":true,"href":"https:\/\/elterritorialweb.com.ar\/web\/wp-json\/wp\/v2\/users\/2"}],"replies":[{"embeddable":true,"href":"https:\/\/elterritorialweb.com.ar\/web\/wp-json\/wp\/v2\/comments?post=33582"}],"version-history":[{"count":1,"href":"https:\/\/elterritorialweb.com.ar\/web\/wp-json\/wp\/v2\/posts\/33582\/revisions"}],"predecessor-version":[{"id":33584,"href":"https:\/\/elterritorialweb.com.ar\/web\/wp-json\/wp\/v2\/posts\/33582\/revisions\/33584"}],"wp:featuredmedia":[{"embeddable":true,"href":"https:\/\/elterritorialweb.com.ar\/web\/wp-json\/wp\/v2\/media\/33583"}],"wp:attachment":[{"href":"https:\/\/elterritorialweb.com.ar\/web\/wp-json\/wp\/v2\/media?parent=33582"}],"wp:term":[{"taxonomy":"category","embeddable":true,"href":"https:\/\/elterritorialweb.com.ar\/web\/wp-json\/wp\/v2\/categories?post=33582"},{"taxonomy":"post_tag","embeddable":true,"href":"https:\/\/elterritorialweb.com.ar\/web\/wp-json\/wp\/v2\/tags?post=33582"}],"curies":[{"name":"wp","href":"https:\/\/api.w.org\/{rel}","templated":true}]}}