{"id":33588,"date":"2022-02-02T01:43:08","date_gmt":"2022-02-02T01:43:08","guid":{"rendered":"http:\/\/elterritorialweb.com.ar\/web\/?p=33588"},"modified":"2022-02-02T01:43:09","modified_gmt":"2022-02-02T01:43:09","slug":"el-cic-san-carlos-brindo-una-charla-informativa-para-embarazadas","status":"publish","type":"post","link":"https:\/\/elterritorialweb.com.ar\/web\/el-cic-san-carlos-brindo-una-charla-informativa-para-embarazadas\/","title":{"rendered":"EL CIC SAN CARLOS BRIND\u00d3 UNA CHARLA INFORMATIVA PARA EMBARAZADAS"},"content":{"rendered":"\n<p>Esta actividad estuvo a cargo del Licenciado Mariano Dom\u00ednguez y la encargada del turno Lorena Veliz junto a integrantes del personal como Guti\u00e9rrez \u00c9rica, D\u00edaz Natalia, Epifanio Ana, Rodr\u00edguez Claudia, Heredia Marisa, S\u00e1nchez Graciela, Belizan Ovidio, Olivera Hern\u00e1n, Banegas Natalia, G\u00f3mez Marta y Casta\u00f1o Karina.<br>Durante la charla los especialistas brindaron las siguientes recomendaciones: Consumir carne y pescados; Cereales y legumbres; Frutas y verduras; Leche o cualquier producto l\u00e1cteo; Tomar abundante agua y hacer cuatro comidas al d\u00eda (Desayuno, almuerzo, merienda y cena)<br>Desde el centro de salud perteneciente a la Secretaria de Desarrollo Humano de la Municipalidad de La Banda destacaron la importancia de este tipo de acciones donde se brinda informaci\u00f3n relevante a los pacientes que concurren diariamente al CIC.<\/p>\n","protected":false},"excerpt":{"rendered":"<p>El \u00e1rea de Salud del Centro Integral Comunitario (CIC) del barrio San Carlos brind\u00f3 el lunes una charla informativa sobre alimentaci\u00f3n en embarazadas, que incluy\u00f3 pautas y recomendaciones sobre la misma. <\/p>\n","protected":false},"author":2,"featured_media":33589,"comment_status":"open","ping_status":"open","sticky":false,"template":"","format":"standard","meta":{"om_disable_all_campaigns":false,"_monsterinsights_skip_tracking":false,"_monsterinsights_sitenote_active":false,"_monsterinsights_sitenote_note":"","_monsterinsights_sitenote_category":0,"_uf_show_specific_survey":0,"_uf_disable_surveys":false,"jetpack_post_was_ever_published":false,"_jetpack_newsletter_access":"","_jetpack_dont_email_post_to_subs":false,"_jetpack_newsletter_tier_id":0,"_jetpack_memberships_contains_paywalled_content":false,"_jetpack_memberships_contains_paid_content":false,"footnotes":"","jetpack_publicize_message":"","jetpack_publicize_feature_enabled":true,"jetpack_social_post_already_shared":false,"jetpack_social_options":{"image_generator_settings":{"template":"highway","default_image_id":0,"font":"","enabled":false},"version":2}},"categories":[21],"tags":[],"class_list":["post-33588","post","type-post","status-publish","format-standard","has-post-thumbnail","hentry","category-locales"],"aioseo_notices":[],"views":10,"jetpack_publicize_connections":[],"jetpack_featured_media_url":"https:\/\/i0.wp.com\/elterritorialweb.com.ar\/web\/wp-content\/uploads\/2022\/02\/IMG-20220201-WA0011.jpg?fit=914%2C373&ssl=1","jetpack_sharing_enabled":true,"_links":{"self":[{"href":"https:\/\/elterritorialweb.com.ar\/web\/wp-json\/wp\/v2\/posts\/33588","targetHints":{"allow":["GET"]}}],"collection":[{"href":"https:\/\/elterritorialweb.com.ar\/web\/wp-json\/wp\/v2\/posts"}],"about":[{"href":"https:\/\/elterritorialweb.com.ar\/web\/wp-json\/wp\/v2\/types\/post"}],"author":[{"embeddable":true,"href":"https:\/\/elterritorialweb.com.ar\/web\/wp-json\/wp\/v2\/users\/2"}],"replies":[{"embeddable":true,"href":"https:\/\/elterritorialweb.com.ar\/web\/wp-json\/wp\/v2\/comments?post=33588"}],"version-history":[{"count":1,"href":"https:\/\/elterritorialweb.com.ar\/web\/wp-json\/wp\/v2\/posts\/33588\/revisions"}],"predecessor-version":[{"id":33590,"href":"https:\/\/elterritorialweb.com.ar\/web\/wp-json\/wp\/v2\/posts\/33588\/revisions\/33590"}],"wp:featuredmedia":[{"embeddable":true,"href":"https:\/\/elterritorialweb.com.ar\/web\/wp-json\/wp\/v2\/media\/33589"}],"wp:attachment":[{"href":"https:\/\/elterritorialweb.com.ar\/web\/wp-json\/wp\/v2\/media?parent=33588"}],"wp:term":[{"taxonomy":"category","embeddable":true,"href":"https:\/\/elterritorialweb.com.ar\/web\/wp-json\/wp\/v2\/categories?post=33588"},{"taxonomy":"post_tag","embeddable":true,"href":"https:\/\/elterritorialweb.com.ar\/web\/wp-json\/wp\/v2\/tags?post=33588"}],"curies":[{"name":"wp","href":"https:\/\/api.w.org\/{rel}","templated":true}]}}