{"id":33592,"date":"2022-02-02T02:01:44","date_gmt":"2022-02-02T02:01:44","guid":{"rendered":"http:\/\/elterritorialweb.com.ar\/web\/?p=33592"},"modified":"2022-02-02T02:07:26","modified_gmt":"2022-02-02T02:07:26","slug":"el-gobernador-zamora-se-reunio-con-el-jefe-de-gabinete-juan-manzur","status":"publish","type":"post","link":"https:\/\/elterritorialweb.com.ar\/web\/el-gobernador-zamora-se-reunio-con-el-jefe-de-gabinete-juan-manzur\/","title":{"rendered":"EL GOBERNADOR ZAMORA SE REUNI\u00d3 CON EL JEFE DE GABINETE JUAN MANZUR"},"content":{"rendered":"\n<p>El mandatario provincial&nbsp;<strong>Gerardo Zamora,<\/strong>&nbsp;mantuvo un encuentro con el&nbsp;<strong>Jefe de Gabinetes Juan Manzur&nbsp;<\/strong>\u00abdonde pudimos tratar diferentes temas de en agenda con Naci\u00f3n y Santiago del Estero\u00bb, indic\u00f3 el ejecutivo sin detallar los puntos abordados.&nbsp;<\/p>\n\n\n\n<figure class=\"wp-block-image size-full\"><a href=\"https:\/\/i0.wp.com\/elterritorialweb.com.ar\/web\/wp-content\/uploads\/2022\/02\/Screenshot_20220201-2256092.png\"><img data-recalc-dims=\"1\" decoding=\"async\" width=\"640\" height=\"619\" data-src=\"https:\/\/i0.wp.com\/elterritorialweb.com.ar\/web\/wp-content\/uploads\/2022\/02\/Screenshot_20220201-2256092.png?resize=640%2C619\" alt=\"\" class=\"wp-image-33593 lazyload\" data-srcset=\"https:\/\/i0.wp.com\/elterritorialweb.com.ar\/web\/wp-content\/uploads\/2022\/02\/Screenshot_20220201-2256092.png?w=720&amp;ssl=1 720w, https:\/\/i0.wp.com\/elterritorialweb.com.ar\/web\/wp-content\/uploads\/2022\/02\/Screenshot_20220201-2256092.png?resize=300%2C290&amp;ssl=1 300w\" data-sizes=\"(max-width: 640px) 100vw, 640px\" src=\"data:image\/svg+xml;base64,PHN2ZyB3aWR0aD0iMSIgaGVpZ2h0PSIxIiB4bWxucz0iaHR0cDovL3d3dy53My5vcmcvMjAwMC9zdmciPjwvc3ZnPg==\" style=\"--smush-placeholder-width: 640px; --smush-placeholder-aspect-ratio: 640\/619;\" \/><\/a><\/figure>\n\n\n\n<p>\u00abMuchas gracias estimado Juan por la permanente predisposici\u00f3n con nuestra provincia\u00bb, finaliz\u00f3 el gobernador en sus redes sociales.<\/p>\n\n\n\n<p>Cabe recordar que la \u00faltima visita que realiz\u00f3 el Jefe de Gabinetes, lo hizo junto a una comitiva presidencial en la que se anunciaron importantes obras p\u00fablicas para la provincia.&nbsp;<\/p>\n","protected":false},"excerpt":{"rendered":"<p>El ejecutivo provincial comparti\u00f3 en sus redes sociales una postal del encuentro.<\/p>\n","protected":false},"author":2,"featured_media":33598,"comment_status":"open","ping_status":"open","sticky":false,"template":"","format":"standard","meta":{"om_disable_all_campaigns":false,"_monsterinsights_skip_tracking":false,"_monsterinsights_sitenote_active":false,"_monsterinsights_sitenote_note":"","_monsterinsights_sitenote_category":0,"_uf_show_specific_survey":0,"_uf_disable_surveys":false,"jetpack_post_was_ever_published":false,"_jetpack_newsletter_access":"","_jetpack_dont_email_post_to_subs":false,"_jetpack_newsletter_tier_id":0,"_jetpack_memberships_contains_paywalled_content":false,"_jetpack_memberships_contains_paid_content":false,"footnotes":"","jetpack_publicize_message":"","jetpack_publicize_feature_enabled":true,"jetpack_social_post_already_shared":false,"jetpack_social_options":{"image_generator_settings":{"template":"highway","default_image_id":0,"font":"","enabled":false},"version":2}},"categories":[18],"tags":[],"class_list":["post-33592","post","type-post","status-publish","format-standard","has-post-thumbnail","hentry","category-politica"],"aioseo_notices":[],"views":9,"jetpack_publicize_connections":[],"jetpack_featured_media_url":"https:\/\/i0.wp.com\/elterritorialweb.com.ar\/web\/wp-content\/uploads\/2022\/02\/Screenshot_20220201-2256094.png?fit=720%2C422&ssl=1","jetpack_sharing_enabled":true,"_links":{"self":[{"href":"https:\/\/elterritorialweb.com.ar\/web\/wp-json\/wp\/v2\/posts\/33592","targetHints":{"allow":["GET"]}}],"collection":[{"href":"https:\/\/elterritorialweb.com.ar\/web\/wp-json\/wp\/v2\/posts"}],"about":[{"href":"https:\/\/elterritorialweb.com.ar\/web\/wp-json\/wp\/v2\/types\/post"}],"author":[{"embeddable":true,"href":"https:\/\/elterritorialweb.com.ar\/web\/wp-json\/wp\/v2\/users\/2"}],"replies":[{"embeddable":true,"href":"https:\/\/elterritorialweb.com.ar\/web\/wp-json\/wp\/v2\/comments?post=33592"}],"version-history":[{"count":1,"href":"https:\/\/elterritorialweb.com.ar\/web\/wp-json\/wp\/v2\/posts\/33592\/revisions"}],"predecessor-version":[{"id":33595,"href":"https:\/\/elterritorialweb.com.ar\/web\/wp-json\/wp\/v2\/posts\/33592\/revisions\/33595"}],"wp:featuredmedia":[{"embeddable":true,"href":"https:\/\/elterritorialweb.com.ar\/web\/wp-json\/wp\/v2\/media\/33598"}],"wp:attachment":[{"href":"https:\/\/elterritorialweb.com.ar\/web\/wp-json\/wp\/v2\/media?parent=33592"}],"wp:term":[{"taxonomy":"category","embeddable":true,"href":"https:\/\/elterritorialweb.com.ar\/web\/wp-json\/wp\/v2\/categories?post=33592"},{"taxonomy":"post_tag","embeddable":true,"href":"https:\/\/elterritorialweb.com.ar\/web\/wp-json\/wp\/v2\/tags?post=33592"}],"curies":[{"name":"wp","href":"https:\/\/api.w.org\/{rel}","templated":true}]}}