{"id":33600,"date":"2022-02-02T02:12:27","date_gmt":"2022-02-02T02:12:27","guid":{"rendered":"http:\/\/elterritorialweb.com.ar\/web\/?p=33600"},"modified":"2022-02-02T02:12:27","modified_gmt":"2022-02-02T02:12:27","slug":"destacan-la-gran-participacion-en-la-maraton-la-salamanca-e-informan-los-ganadores-por-categorias","status":"publish","type":"post","link":"https:\/\/elterritorialweb.com.ar\/web\/destacan-la-gran-participacion-en-la-maraton-la-salamanca-e-informan-los-ganadores-por-categorias\/","title":{"rendered":"DESTACAN LA GRAN PARTICIPACI\u00d3N EN LA MARAT\u00d3N LA SALAMANCA E INFORMAN LOS GANADORES POR CATEGORIAS"},"content":{"rendered":"\n<p>En el recorrido General Competitivo de 10 Km, los ganadores del rubro femenino fueron: Gisel Olivera, Romina Alejandra Carrillo, Gisela Cristina D\u00edaz, Alicia Gerez y Paula Elizabeth Espergu\u00edn. En el rubro masculino: Mauricio Garz\u00f3n, Williams Gallardo, Carlos Aron Quiroga, Mauro S\u00e1nchez y Ra\u00fal Gretler.<br>En el rubro General Participativo de 5 kil\u00f3metros, los corredores ganadores del rubro femenino fueron: Erika Olivera, Claudia Mabel Hoyos, Guadalupe Medina, Daniela Aguirre y Teresita Ram\u00edrez; mientras que en el rubro masculino los consagrados fueron: Cristian Acosta, Leandro Rodr\u00edguez, Fernando Cisneros, Benjam\u00edn Senilliani y Dante Gonzalo L\u00f3pez G\u00f3mez.<br>Mientras que en el recorrido competitivo de 10 Km. tuvo los siguientes ganadoras en la Categor\u00eda de 15 a 19 a\u00f1os: Elba Gabriela \u00c1vila, Sof\u00eda Far\u00edas, Priscila Daniela Gomez y Agustina Pereyra; en la Categor\u00eda de 20 a 24 a\u00f1os: Emilse Leonela Belizan Acu\u00f1a, Carla Soledad D\u00edaz, Jacqueline Sosa, Johana Stephenie Rubio Orellana y Soledad Hoyos; Categor\u00eda de 25 a 29: Gissel Olivera, Gisela Cristina D\u00edaz, Eliana Mar\u00eda Bel\u00e9n Salvatierra, Laura Cristina Vallejo y Andrea Guerrero. En la Categor\u00eda de 30 a 34 a\u00f1os: Romina Alejandra Carrillo, Paola Elizabeth Espergu\u00edn, Mar\u00eda Gisele Zanni, Tania Paola Carrillo y Andrea Godoy; Categor\u00eda 35 a 39: Romina Guzm\u00e1n, Mar\u00eda Silvina Catalfamo, Vanesa Alejandra Ayunta, Norma Patricia Tevez y Mar\u00eda Celeste Fr\u00edas; Categor\u00eda de 40 a 44 a\u00f1os: Alicia Gerez, Andrea Cancinos, Mirta Paz, Andrea Ver\u00f3nica P\u00e9rez y Silvia Beatriz D\u00edaz; Categor\u00eda de 45 a 49: Luz Eliana Parra, M\u00f3nica P\u00e9rez, Beatriz Santill\u00e1n, Gabriela Alejandra Marconi y Clara Lezcano. Categor\u00eda de 50 a 54 a\u00f1os: M\u00f3nica Alicia Hussi, Ana Mar\u00eda Hern\u00e1ndez, Claudia Elizabeth Arredondo y Mar\u00eda Karina L\u00f3pez; Categor\u00eda de 55 a 59: M\u00f3nica Mar\u00eda Luna; y Categor\u00eda de 60 a 64: Mabel Ibarra.<br>En tanto que en el rubro masculino, en la Categor\u00eda de 15 a 19 a\u00f1os: Williams Gallardo, Marcos Ariel Caro, Tom\u00e1s Rojas, Ignacio D\u00edaz y Gabriel Sequeira; en la Categor\u00eda de 20 a 24 a\u00f1os: Mauricio Garz\u00f3n, Mauro S\u00e1nchez, Ra\u00fal Gretler, Gast\u00f3n Lazarte y Brian Exequiel Ag\u00fcero; Categor\u00eda de 25 a 29: Carlos Aron Quiroga, Franco Ruiz, Rodrigo Nicol\u00e1s D\u00edaz, Agust\u00edn Palomo y Sebasti\u00e1n Abreg\u00fa. En la Categor\u00eda de 30 a 34 a\u00f1os: Juan Marcelo Gomez, Carlos Alejandro Pav\u00f3n, V\u00edctor D\u00edaz, Germ\u00e1n Eduardo Paz y Mario Alejandro Rojas; Categor\u00eda 35 a 39: Ricardo Antonio Rodr\u00edguez, Juan Jos\u00e9 Leguizam\u00f3n, Cristi\u00e1n Eduardo Ugarte, Andr\u00e9s Victor Alfonso y Cristi\u00e1n Le\u00f3nidas Mart\u00ednez; Categor\u00eda de 40 a 44 a\u00f1os: Carlos Lezcano, Carlos Galv\u00e1n, Miguel \u00c1ngel Su\u00e1rez, Jorge Esteban Corval\u00e1n y Mart\u00edn Diego Colombres; Categor\u00eda de 45 a 49: Diego Guillermo Saavedra, Luis Fernando Ponce, Carlso Rom\u00e1n Perez, Enrique Javier Pogonza y Claudio Ricardo Vizcarra. Categor\u00eda de 50 a 54 a\u00f1os: Mario Rodolfo Ledezma, Eduardo Luis Stenderup, Gaspar D\u00edaz, C\u00e9sar Eusebio Iturre y Daniel Vera; Categor\u00eda de 55 a 59: Ren\u00e9 C\u00e1ceres, Carlos Eduardo Gomez, Roberto Daniel Cano, Ciro Omar Carabajal y Alfredo C\u00e9sar Albuixech; Categor\u00eda de 60 a 64: Ram\u00f3n Alberto Acu\u00f1a y Gavino Talavera; y Categor\u00eda 65 en adelante: Jos\u00e9 Ram\u00f3n Santill\u00e1n, Hugo Orlando Ram\u00edrez y Ra\u00fal D\u00edaz.<\/p>\n","protected":false},"excerpt":{"rendered":"<p>Tras el \u00e9xito de la Marat\u00f3n \u201cLa Salamanca 2022\u201d, la Direcci\u00f3n de Deporte y Recreaci\u00f3n, dependiente de la Secretar\u00eda de Desarrollo Humano de la Municipalidad de La Banda dieron a conocer los principales ganadores de las diferentes categor\u00edas que conformaron este evento deportivo que convoc\u00f3 a m\u00e1s de 1400 participantes.<\/p>\n","protected":false},"author":2,"featured_media":33601,"comment_status":"open","ping_status":"open","sticky":false,"template":"","format":"standard","meta":{"om_disable_all_campaigns":false,"_monsterinsights_skip_tracking":false,"_monsterinsights_sitenote_active":false,"_monsterinsights_sitenote_note":"","_monsterinsights_sitenote_category":0,"_uf_show_specific_survey":0,"_uf_disable_surveys":false,"jetpack_post_was_ever_published":false,"_jetpack_newsletter_access":"","_jetpack_dont_email_post_to_subs":false,"_jetpack_newsletter_tier_id":0,"_jetpack_memberships_contains_paywalled_content":false,"_jetpack_memberships_contains_paid_content":false,"footnotes":"","jetpack_publicize_message":"","jetpack_publicize_feature_enabled":true,"jetpack_social_post_already_shared":false,"jetpack_social_options":{"image_generator_settings":{"template":"highway","default_image_id":0,"font":"","enabled":false},"version":2}},"categories":[6],"tags":[],"class_list":["post-33600","post","type-post","status-publish","format-standard","has-post-thumbnail","hentry","category-deportes"],"aioseo_notices":[],"views":8,"jetpack_publicize_connections":[],"jetpack_featured_media_url":"https:\/\/i0.wp.com\/elterritorialweb.com.ar\/web\/wp-content\/uploads\/2022\/02\/IMG-20220201-WA0010.jpg?fit=1280%2C789&ssl=1","jetpack_sharing_enabled":true,"_links":{"self":[{"href":"https:\/\/elterritorialweb.com.ar\/web\/wp-json\/wp\/v2\/posts\/33600","targetHints":{"allow":["GET"]}}],"collection":[{"href":"https:\/\/elterritorialweb.com.ar\/web\/wp-json\/wp\/v2\/posts"}],"about":[{"href":"https:\/\/elterritorialweb.com.ar\/web\/wp-json\/wp\/v2\/types\/post"}],"author":[{"embeddable":true,"href":"https:\/\/elterritorialweb.com.ar\/web\/wp-json\/wp\/v2\/users\/2"}],"replies":[{"embeddable":true,"href":"https:\/\/elterritorialweb.com.ar\/web\/wp-json\/wp\/v2\/comments?post=33600"}],"version-history":[{"count":1,"href":"https:\/\/elterritorialweb.com.ar\/web\/wp-json\/wp\/v2\/posts\/33600\/revisions"}],"predecessor-version":[{"id":33602,"href":"https:\/\/elterritorialweb.com.ar\/web\/wp-json\/wp\/v2\/posts\/33600\/revisions\/33602"}],"wp:featuredmedia":[{"embeddable":true,"href":"https:\/\/elterritorialweb.com.ar\/web\/wp-json\/wp\/v2\/media\/33601"}],"wp:attachment":[{"href":"https:\/\/elterritorialweb.com.ar\/web\/wp-json\/wp\/v2\/media?parent=33600"}],"wp:term":[{"taxonomy":"category","embeddable":true,"href":"https:\/\/elterritorialweb.com.ar\/web\/wp-json\/wp\/v2\/categories?post=33600"},{"taxonomy":"post_tag","embeddable":true,"href":"https:\/\/elterritorialweb.com.ar\/web\/wp-json\/wp\/v2\/tags?post=33600"}],"curies":[{"name":"wp","href":"https:\/\/api.w.org\/{rel}","templated":true}]}}