{"id":33609,"date":"2022-02-02T04:21:45","date_gmt":"2022-02-02T04:21:45","guid":{"rendered":"http:\/\/elterritorialweb.com.ar\/web\/?p=33609"},"modified":"2022-02-02T04:21:46","modified_gmt":"2022-02-02T04:21:46","slug":"el-presidente-viajo-rumbo-moscu-para-iniciar-una-gira-clave-por-china-y-barbados","status":"publish","type":"post","link":"https:\/\/elterritorialweb.com.ar\/web\/el-presidente-viajo-rumbo-moscu-para-iniciar-una-gira-clave-por-china-y-barbados\/","title":{"rendered":"EL PRESIDENTE VIAJO RUMBO MOSC\u00da PARA INICIAR UNA GIRA CLAVE POR CHINA Y BARBADOS"},"content":{"rendered":"\n<p>El presidente Alberto Fern\u00e1ndez parti\u00f3 esta noche de martes hacia Mosc\u00fa, para&nbsp;<strong>iniciar una gira de una semana por la Federaci\u00f3n Rusa, China y Barbados, que incluye reuniones con sus pares Vladimir Putin y Xi Jinping y con la primera ministra del pa\u00eds caribe\u00f1o, Mia Mottley<\/strong>, informaron fuentes oficiales.<\/p>\n\n\n\n<p>Fern\u00e1ndez inici\u00f3 el viaje a las 22.30 desde el Aeropuerto Internacional de Ezeiza rumbo a Mosc\u00fa en un vuelo de Aerol\u00edneas Argentinas.<\/p>\n\n\n\n<p>El primer mandatario viaja acompa\u00f1ado por el canciller Santiago Cafiero; la gobernadora de R\u00edo Negro, Arabela Carreras; los gobernadores de Buenos Aires, Axel Kicillof, y de Catamarca, Ra\u00fal Jalil; la portavoz de la Presidencia, Gabriela Cerruti; la secretaria de Deportes, In\u00e9s Arrondo; el senador Adolfo Rodr\u00edguez Sa\u00e1, el diputado Eduardo Vald\u00e9s, la asesora presidencial Cecilia Nicolini, y el intendente de Jos\u00e9 C. Paz, Mario Ishii.<\/p>\n\n\n\n<p>Adem\u00e1s, la comitiva a Rusia estar\u00e1 integrada por el ministro de Econom\u00eda, Mart\u00edn Guzm\u00e1n, a\u00f1adi\u00f3 la informaci\u00f3n brindada esta noche por la Casa Rosada.<\/p>\n\n\n\n<h2 class=\"wp-block-heading\">Toda la actividad<\/h2>\n\n\n\n<p><strong>\u00abLa primera actividad oficial del viaje ser\u00e1 una reuni\u00f3n privada seguida por un almuerzo de trabajo con Putin en el Kremlin el jueves a las 7 De la Argentina. El viernes Fern\u00e1ndez asistir\u00e1 a la inauguraci\u00f3n de los Juegos Ol\u00edmpicos de Invierno de Beijing, mientras que el domingo mantendr\u00e1 un encuentro con su par chino, Xi Jinping\u00bb,<\/strong>&nbsp;se explic\u00f3.<\/p>\n\n\n\n<p>La gira finalizar\u00e1 el martes 8 de febrero en Barbados, donde Fern\u00e1ndez se reunir\u00e1 con la primera ministra y con representantes de la Organizaci\u00f3n de Estados del Caribe Oriental (OECS).<\/p>\n\n\n\n<p>Tras el encuentro con Putin, ambos mandatarios brindar\u00e1n una declaraci\u00f3n conjunta a la prensa, de acuerdo a lo programado.<\/p>\n\n\n\n<p>La Federaci\u00f3n Rusa hizo un acuerdo temprano con la Argentina para proveer vacunas Sputnik V, con lo cual el pa\u00eds empez\u00f3 a aplicarlas en diciembre del 2020.<\/p>\n\n\n\n<p>Tras el encuentro entre los jefes de Estado, Fern\u00e1ndez partir\u00e1 a Beijing a las 18.30 (12.30 de la Argentina), adonde viaja invitado especialmente por Xi Jinping para asistir a la inauguraci\u00f3n de los Juegos Ol\u00edmpicos de Invierno.<\/p>\n\n\n\n<p>El viernes, el Presidente participar\u00e1 a las 15 (4 de la Argentina), de forma virtual, de la ceremonia en la que le ser\u00e1 otorgado el t\u00edtulo de Profesor Honoris Causa de la Universidad de Tsinghua.<\/p>\n\n\n\n<p>Seguidamente, a las 7.30 de la Argentina,&nbsp;<strong>visitar\u00e1 el Museo del Partido Comunista Chino,<\/strong>&nbsp;donde har\u00e1 entrega de una ofrenda floral, realizar\u00e1 una recorrida guiada y firmar\u00e1 el libro de visitantes ilustres.<\/p>\n\n\n\n<p>Luego, a las 9 hora argentina y junto al embajador en China, Sabino Vaca Narvaja, el Presidente presenciar\u00e1 la ceremonia inaugural de los Juegos Ol\u00edmpicos de Invierno que se desarrollar\u00e1 en el Estadio Nacional de Beijing, conocido como El Nido.<\/p>\n\n\n\n<p>Ambos pa\u00edses firmaron en el 2014 un Tratado de Asociaci\u00f3n Estrat\u00e9gica integral, y China tiene inversiones en infraestructura y otras \u00e1reas en varias provincias de la Argentina.<\/p>\n\n\n\n<p>El s\u00e1bado, a las 22.30 de la Argentina,<strong>\u00a0Fern\u00e1ndez visitar\u00e1 el Museo del Palacio, ubicado en la llamada Ciudad Prohibida, un complejo de casi mil edificios construido a principios del siglo XV y que hasta comienzos del siglo XX fue el centro pol\u00edtico de China y la residencia de los emperadores<\/strong>.<\/p>\n\n\n\n<p>Despu\u00e9s, de acuerdo a la agenda, a tan solo 1500 metros de all\u00ed, en la Plaza de Tiananmen, colocar\u00e1 una ofrenda floral en el mausoleo de Mao Zedong.<\/p>\n\n\n\n<p>M\u00e1s tarde, a la 1.15 del domingo en la Argentina,&nbsp;<strong>el Presidente ser\u00e1 recibido en el Gran Sal\u00f3n del Pueblo<\/strong>, donde se ofrecer\u00e1 un almuerzo en honor a las jefas y los jefes de Estado que concurran a la inauguraci\u00f3n de los JJ OO, y a las 8.15 se reunir\u00e1 con la delegaci\u00f3n ol\u00edmpica argentina.<\/p>\n\n\n\n<p><strong>El encuentro entre Fern\u00e1ndez y Xi Jinping se desarrollar\u00e1 el domingo, a las 0.40 de la Argentina (11.40 hora de China), en el Gran Sal\u00f3n del Pueblo.<\/strong><\/p>\n\n\n\n<p><strong>La actividad oficial en el pa\u00eds asi\u00e1tico finalizar\u00e1 ese mismo d\u00eda con visitas al Centro Tecnol\u00f3gico Huawei y a la gran Gran Muralla de Mutianyu<\/strong>&nbsp;-a poco m\u00e1s de 70 kil\u00f3metros de Beijing-, previo a tomar un vuelo que llevar\u00e1 al jefe de Estado y su comitiva a Bridgetown, Barbados, en las Antillas menores, en el Mar Caribe.<\/p>\n\n\n\n<p>El encuentro con la primera ministra Mia Mottley tendr\u00e1 lugar el martes, a las 8 de la Argentina, y ser\u00e1 seguido de una reuni\u00f3n con representantes de la Organizaci\u00f3n de Estados del Caribe Oriental (OECS, por su sigla en ingl\u00e9s).<\/p>\n\n\n\n<p>La isla caribe\u00f1a, despu\u00e9s de siglos de influencia brit\u00e1nica -que incluyen m\u00e1s de 200 a\u00f1os de esclavitud, hasta 1834- logr\u00f3 la independencia definitiva en 1966 y, finalmente, el 30 de noviembre del a\u00f1o pasado se convirti\u00f3 en una rep\u00fablica parlamentaria independiente.<\/p>\n","protected":false},"excerpt":{"rendered":"<p>El mandatario viaj\u00f3 hacia Mosc\u00fa para arrancar la gira de una semana por Rusia y China, en d\u00f3nde se reunir\u00e1 con sus pares. Tambi\u00e9n har\u00e1 una escala en Barbaros, para reunirse con la primera ministra Mia Mottley.<\/p>\n","protected":false},"author":2,"featured_media":33610,"comment_status":"open","ping_status":"open","sticky":false,"template":"","format":"standard","meta":{"om_disable_all_campaigns":false,"_monsterinsights_skip_tracking":false,"_monsterinsights_sitenote_active":false,"_monsterinsights_sitenote_note":"","_monsterinsights_sitenote_category":0,"_uf_show_specific_survey":0,"_uf_disable_surveys":false,"jetpack_post_was_ever_published":false,"_jetpack_newsletter_access":"","_jetpack_dont_email_post_to_subs":false,"_jetpack_newsletter_tier_id":0,"_jetpack_memberships_contains_paywalled_content":false,"_jetpack_memberships_contains_paid_content":false,"footnotes":"","jetpack_publicize_message":"","jetpack_publicize_feature_enabled":true,"jetpack_social_post_already_shared":false,"jetpack_social_options":{"image_generator_settings":{"template":"highway","default_image_id":0,"font":"","enabled":false},"version":2}},"categories":[18],"tags":[],"class_list":["post-33609","post","type-post","status-publish","format-standard","has-post-thumbnail","hentry","category-politica"],"aioseo_notices":[],"views":6,"jetpack_publicize_connections":[],"jetpack_featured_media_url":"https:\/\/i0.wp.com\/elterritorialweb.com.ar\/web\/wp-content\/uploads\/2022\/02\/61f9e261d33ad_900.jpg?fit=900%2C506&ssl=1","jetpack_sharing_enabled":true,"_links":{"self":[{"href":"https:\/\/elterritorialweb.com.ar\/web\/wp-json\/wp\/v2\/posts\/33609","targetHints":{"allow":["GET"]}}],"collection":[{"href":"https:\/\/elterritorialweb.com.ar\/web\/wp-json\/wp\/v2\/posts"}],"about":[{"href":"https:\/\/elterritorialweb.com.ar\/web\/wp-json\/wp\/v2\/types\/post"}],"author":[{"embeddable":true,"href":"https:\/\/elterritorialweb.com.ar\/web\/wp-json\/wp\/v2\/users\/2"}],"replies":[{"embeddable":true,"href":"https:\/\/elterritorialweb.com.ar\/web\/wp-json\/wp\/v2\/comments?post=33609"}],"version-history":[{"count":1,"href":"https:\/\/elterritorialweb.com.ar\/web\/wp-json\/wp\/v2\/posts\/33609\/revisions"}],"predecessor-version":[{"id":33611,"href":"https:\/\/elterritorialweb.com.ar\/web\/wp-json\/wp\/v2\/posts\/33609\/revisions\/33611"}],"wp:featuredmedia":[{"embeddable":true,"href":"https:\/\/elterritorialweb.com.ar\/web\/wp-json\/wp\/v2\/media\/33610"}],"wp:attachment":[{"href":"https:\/\/elterritorialweb.com.ar\/web\/wp-json\/wp\/v2\/media?parent=33609"}],"wp:term":[{"taxonomy":"category","embeddable":true,"href":"https:\/\/elterritorialweb.com.ar\/web\/wp-json\/wp\/v2\/categories?post=33609"},{"taxonomy":"post_tag","embeddable":true,"href":"https:\/\/elterritorialweb.com.ar\/web\/wp-json\/wp\/v2\/tags?post=33609"}],"curies":[{"name":"wp","href":"https:\/\/api.w.org\/{rel}","templated":true}]}}