{"id":33622,"date":"2022-02-02T14:52:04","date_gmt":"2022-02-02T14:52:04","guid":{"rendered":"http:\/\/elterritorialweb.com.ar\/web\/?p=33622"},"modified":"2022-02-02T14:53:13","modified_gmt":"2022-02-02T14:53:13","slug":"continua-el-dictado-del-curso-de-tecnico-industrial-apicultor","status":"publish","type":"post","link":"https:\/\/elterritorialweb.com.ar\/web\/continua-el-dictado-del-curso-de-tecnico-industrial-apicultor\/","title":{"rendered":"CONTIN\u00daA EL DICTADO DEL CURSO DE T\u00c9CNICO INDUSTRIAL APICULTOR"},"content":{"rendered":"\n<p>Se retom\u00f3 el dictado del curso de T\u00e9cnico Industrial Apicultor a cargo de la Escuela de Apicultura \u201cFidela Smith\u201d. <\/p>\n\n\n\n<p>El mismo se cumple en la escuela de Agricultura, Ganader\u00eda y Granja ubicada en El Zanj\u00f3n.<br>Se comunica que durante los pr\u00f3ximos meses, se continuar\u00e1 con el desarrollo de los trabajos de laboratorio y las clases te\u00f3ricas y pr\u00e1cticas hasta la finalizaci\u00f3n del curso en el mes de mayo de 2022.<\/p>\n","protected":false},"excerpt":{"rendered":"<p>El mismo, se dicta en la escuela de Agricultura, Ganader\u00eda y Granja ubicada en El Zanj\u00f3n<\/p>\n","protected":false},"author":2,"featured_media":33623,"comment_status":"open","ping_status":"open","sticky":false,"template":"","format":"standard","meta":{"om_disable_all_campaigns":false,"_monsterinsights_skip_tracking":false,"_monsterinsights_sitenote_active":false,"_monsterinsights_sitenote_note":"","_monsterinsights_sitenote_category":0,"_uf_show_specific_survey":0,"_uf_disable_surveys":false,"jetpack_post_was_ever_published":false,"_jetpack_newsletter_access":"","_jetpack_dont_email_post_to_subs":false,"_jetpack_newsletter_tier_id":0,"_jetpack_memberships_contains_paywalled_content":false,"_jetpack_memberships_contains_paid_content":false,"footnotes":"","jetpack_publicize_message":"","jetpack_publicize_feature_enabled":true,"jetpack_social_post_already_shared":false,"jetpack_social_options":{"image_generator_settings":{"template":"highway","default_image_id":0,"font":"","enabled":false},"version":2}},"categories":[19],"tags":[],"class_list":["post-33622","post","type-post","status-publish","format-standard","has-post-thumbnail","hentry","category-educacion"],"aioseo_notices":[],"views":10,"jetpack_publicize_connections":[],"jetpack_featured_media_url":"https:\/\/i0.wp.com\/elterritorialweb.com.ar\/web\/wp-content\/uploads\/2022\/02\/curso.jpg?fit=1550%2C931&ssl=1","jetpack_sharing_enabled":true,"_links":{"self":[{"href":"https:\/\/elterritorialweb.com.ar\/web\/wp-json\/wp\/v2\/posts\/33622","targetHints":{"allow":["GET"]}}],"collection":[{"href":"https:\/\/elterritorialweb.com.ar\/web\/wp-json\/wp\/v2\/posts"}],"about":[{"href":"https:\/\/elterritorialweb.com.ar\/web\/wp-json\/wp\/v2\/types\/post"}],"author":[{"embeddable":true,"href":"https:\/\/elterritorialweb.com.ar\/web\/wp-json\/wp\/v2\/users\/2"}],"replies":[{"embeddable":true,"href":"https:\/\/elterritorialweb.com.ar\/web\/wp-json\/wp\/v2\/comments?post=33622"}],"version-history":[{"count":2,"href":"https:\/\/elterritorialweb.com.ar\/web\/wp-json\/wp\/v2\/posts\/33622\/revisions"}],"predecessor-version":[{"id":33625,"href":"https:\/\/elterritorialweb.com.ar\/web\/wp-json\/wp\/v2\/posts\/33622\/revisions\/33625"}],"wp:featuredmedia":[{"embeddable":true,"href":"https:\/\/elterritorialweb.com.ar\/web\/wp-json\/wp\/v2\/media\/33623"}],"wp:attachment":[{"href":"https:\/\/elterritorialweb.com.ar\/web\/wp-json\/wp\/v2\/media?parent=33622"}],"wp:term":[{"taxonomy":"category","embeddable":true,"href":"https:\/\/elterritorialweb.com.ar\/web\/wp-json\/wp\/v2\/categories?post=33622"},{"taxonomy":"post_tag","embeddable":true,"href":"https:\/\/elterritorialweb.com.ar\/web\/wp-json\/wp\/v2\/tags?post=33622"}],"curies":[{"name":"wp","href":"https:\/\/api.w.org\/{rel}","templated":true}]}}