{"id":34605,"date":"2022-02-08T14:36:27","date_gmt":"2022-02-08T14:36:27","guid":{"rendered":"http:\/\/elterritorialweb.com.ar\/web\/?p=34605"},"modified":"2022-02-08T14:36:27","modified_gmt":"2022-02-08T14:36:27","slug":"mascherano-inicia-su-ciclo-como-entrenador-del-seleccionado-sub-20","status":"publish","type":"post","link":"https:\/\/elterritorialweb.com.ar\/web\/mascherano-inicia-su-ciclo-como-entrenador-del-seleccionado-sub-20\/","title":{"rendered":"MASCHERANO INICIA SU CICLO COMO ENTRENADOR DEL SELECCIONADO SUB-20"},"content":{"rendered":"\n<p><strong>El exfutbolista Javier Mascherano iniciar\u00e1 este martes su ciclo como entrenador del seleccionado Sub-20 de la Argentina<\/strong>, con un plantel de 23 jugadores citados para el inicio de los entrenamientos.<\/p>\n\n\n\n<p>Los futbolistas fueron convocados al predio que la AFA posee en Ezeiza a las 15 y antes del inicio de la pr\u00e1ctica estipulada para las 16 ser\u00e1n sometidos a los test r\u00e1pidos de Covid<\/p>\n\n\n\n<p>El mi\u00e9rcoles a partir de las 9.30 el plantel volver\u00e1 a reunirse en Ezeiza para comenzar el segundo turno de entrenamientos.<\/p>\n\n\n\n<p>Mascherano, ex capit\u00e1n del seleccionad argentino, estar\u00e1 acompa\u00f1ado por el profesor Pablo Blanco como preparador f\u00edsico y Oscar Hern\u00e1ndez Romero como asistente t\u00e9cnico.<\/p>\n\n\n\n<h3 class=\"wp-block-heading\" id=\"la-lista-de-los-23-jugadores-convocados-es-la-siguiente\">La lista de los 23 jugadores convocados es la siguiente:<\/h3>\n\n\n\n<p><strong>Arqueros<\/strong>:<\/p>\n\n\n\n<p>Valentino Quintero (Central), Gonzalo Siri (Argentinos) y Juli\u00e1n Kadijevic (Comunicaciones).<\/p>\n\n\n\n<p><strong>Defensores<\/strong>:<\/p>\n\n\n\n<p>Ramiro Di Luciano (Banfield), Ulises Ciccioli (Central), Santiago Moya (Hurac\u00e1n), Brian Aguilar (Lan\u00fas), Valent\u00edn G\u00f3mez (V\u00e9lez), Lucas Monz\u00f3n (River), Valent\u00edn Barco (Boca) y Felipe Salomoni (River).<\/p>\n\n\n\n<p><strong>Mediocampistas:<\/strong><\/p>\n\n\n\n<p>Nicol\u00e1s Palavecino (Estudiantes), Facundo Buonanotte (Central), Maximiliano Gonz\u00e1lez (Lan\u00fas), Ignacio Miram\u00f3n (Gimnasia), Lucas Rom\u00e1n (Ferro), Agust\u00edn Rodr\u00edguez (Lan\u00fas) y Gonzalo \u00c1lvez (Talleres).<\/p>\n\n\n\n<p><strong>Delanteros<\/strong>:<\/p>\n\n\n\n<p>Jos\u00e9 Herrera (Argentinos), Alejo V\u00e9liz (Central), Juli\u00e1n Romero (Independiente), Lucas Besozzi (Lan\u00fas) y Benjam\u00edn Dom\u00ednguez (Gimnasia).<\/p>\n","protected":false},"excerpt":{"rendered":"<p>El excapit\u00e1n del representativo nacional iniciar\u00e1 los entrenamientos con 23 jugadores y estar\u00e1 acompa\u00f1ado por el profesor Pablo Blanco como preparador f\u00edsico y Oscar Hern\u00e1ndez Romero como asistente t\u00e9cnico.<\/p>\n","protected":false},"author":2,"featured_media":34606,"comment_status":"open","ping_status":"open","sticky":false,"template":"","format":"standard","meta":{"om_disable_all_campaigns":false,"_monsterinsights_skip_tracking":false,"_monsterinsights_sitenote_active":false,"_monsterinsights_sitenote_note":"","_monsterinsights_sitenote_category":0,"_uf_show_specific_survey":0,"_uf_disable_surveys":false,"jetpack_post_was_ever_published":false,"_jetpack_newsletter_access":"","_jetpack_dont_email_post_to_subs":false,"_jetpack_newsletter_tier_id":0,"_jetpack_memberships_contains_paywalled_content":false,"_jetpack_memberships_contains_paid_content":false,"footnotes":"","jetpack_publicize_message":"","jetpack_publicize_feature_enabled":true,"jetpack_social_post_already_shared":false,"jetpack_social_options":{"image_generator_settings":{"template":"highway","default_image_id":0,"font":"","enabled":false},"version":2}},"categories":[6],"tags":[],"class_list":["post-34605","post","type-post","status-publish","format-standard","has-post-thumbnail","hentry","category-deportes"],"aioseo_notices":[],"views":15,"jetpack_publicize_connections":[],"jetpack_featured_media_url":"https:\/\/i0.wp.com\/elterritorialweb.com.ar\/web\/wp-content\/uploads\/2022\/02\/334679.jpg?fit=1200%2C675&ssl=1","jetpack_sharing_enabled":true,"_links":{"self":[{"href":"https:\/\/elterritorialweb.com.ar\/web\/wp-json\/wp\/v2\/posts\/34605","targetHints":{"allow":["GET"]}}],"collection":[{"href":"https:\/\/elterritorialweb.com.ar\/web\/wp-json\/wp\/v2\/posts"}],"about":[{"href":"https:\/\/elterritorialweb.com.ar\/web\/wp-json\/wp\/v2\/types\/post"}],"author":[{"embeddable":true,"href":"https:\/\/elterritorialweb.com.ar\/web\/wp-json\/wp\/v2\/users\/2"}],"replies":[{"embeddable":true,"href":"https:\/\/elterritorialweb.com.ar\/web\/wp-json\/wp\/v2\/comments?post=34605"}],"version-history":[{"count":1,"href":"https:\/\/elterritorialweb.com.ar\/web\/wp-json\/wp\/v2\/posts\/34605\/revisions"}],"predecessor-version":[{"id":34607,"href":"https:\/\/elterritorialweb.com.ar\/web\/wp-json\/wp\/v2\/posts\/34605\/revisions\/34607"}],"wp:featuredmedia":[{"embeddable":true,"href":"https:\/\/elterritorialweb.com.ar\/web\/wp-json\/wp\/v2\/media\/34606"}],"wp:attachment":[{"href":"https:\/\/elterritorialweb.com.ar\/web\/wp-json\/wp\/v2\/media?parent=34605"}],"wp:term":[{"taxonomy":"category","embeddable":true,"href":"https:\/\/elterritorialweb.com.ar\/web\/wp-json\/wp\/v2\/categories?post=34605"},{"taxonomy":"post_tag","embeddable":true,"href":"https:\/\/elterritorialweb.com.ar\/web\/wp-json\/wp\/v2\/tags?post=34605"}],"curies":[{"name":"wp","href":"https:\/\/api.w.org\/{rel}","templated":true}]}}