{"id":34618,"date":"2022-02-08T17:47:17","date_gmt":"2022-02-08T17:47:17","guid":{"rendered":"http:\/\/elterritorialweb.com.ar\/web\/?p=34618"},"modified":"2022-02-08T17:47:18","modified_gmt":"2022-02-08T17:47:18","slug":"gran-expectativa-en-el-regreso-de-del-potro-en-la-segunda-jornada-del-argentina-open","status":"publish","type":"post","link":"https:\/\/elterritorialweb.com.ar\/web\/gran-expectativa-en-el-regreso-de-del-potro-en-la-segunda-jornada-del-argentina-open\/","title":{"rendered":"GRAN EXPECTATIVA EN EL REGRESO DE DEL POTRO EN LA SEGUNDA JORNADA DEL ARGENTINA OPEN"},"content":{"rendered":"\n<p><strong>Juan Mart\u00edn Del Potro enfrentar\u00e1 este martes a Federico Delbonis<\/strong>&nbsp;en un cruce de la ronda inicial entre tenistas argentinos que acapara toda la atracci\u00f3n de la segunda jornada del Argentina Open.<\/p>\n\n\n\n<p>El tandilense Del Potro, quien regresar\u00e1 al circuito&nbsp;<strong>luego de 965 d\u00edas<\/strong>&nbsp;y tras haberse sometido a cuatro operaciones en la r\u00f3tula derecha, jugar\u00e1 ante el azule\u00f1o Delbonis&nbsp;<strong>no antes de las 20 y con televisaci\u00f3n de la se\u00f1al TyC Sports<\/strong>, en la cancha central Guillermo Vilas del Buenos Aires Lawn Tennis Club.<\/p>\n\n\n\n<p>La programaci\u00f3n de la segunda jornada del certamen que se juega sobre superficie de polvo de ladrillo y repartir\u00e1 premios por 686.700 d\u00f3lares es la siguiente:<\/p>\n\n\n\n<h2 class=\"wp-block-heading\" id=\"cancha-central-guillermo-vilas\">&#8211; CANCHA CENTRAL GUILLERMO VILAS &#8211;<\/h2>\n\n\n\n<p>. A las 13.30:<\/p>\n\n\n\n<p>Jaume Munar (Espa\u00f1a) vs. Tom\u00e1s Etcheverry (Argentina).<\/p>\n\n\n\n<p>. A continuaci\u00f3n:<\/p>\n\n\n\n<p>Sebasti\u00e1n B\u00e1ez (Argentina) vs. Holger Rune (Dinamarca).<\/p>\n\n\n\n<p>. No antes de las 18.30:<\/p>\n\n\n\n<p>Juan Ignacio Londero (Argentina) vs. Pablo And\u00fajar (Espa\u00f1a).<\/p>\n\n\n\n<p>. No antes de las 20:<\/p>\n\n\n\n<p>Juan Mart\u00edn Del Potro (Argentina) vs. Federico Delbonis (Argentina).<\/p>\n\n\n\n<h2 class=\"wp-block-heading\" id=\"cancha-2\">&#8211; CANCHA 2 &#8211;<\/h2>\n\n\n\n<p>. A las 13.30:<\/p>\n\n\n\n<p>Nicol\u00e1s Jarry (Chile) vs. Roberto Carballes Baena (Espa\u00f1a).<\/p>\n\n\n\n<p>. A continuaci\u00f3n:<\/p>\n\n\n\n<p>Albert Ramos (Espa\u00f1a) vs. Thiago Monteiro (Brasil).<\/p>\n\n\n\n<p>. A continuaci\u00f3n:<\/p>\n\n\n\n<p>Alejandro Tabilo (Chile) vs. Pedro Mart\u00ednez (Espa\u00f1a).<\/p>\n\n\n\n<h2 class=\"wp-block-heading\" id=\"cancha-3\">&#8211; CANCHA 3 &#8211;<\/h2>\n\n\n\n<p>. A las 14:<\/p>\n\n\n\n<p>Tomas Brkic (Bosnia) y Nikola Cacic (Serbia) vs. Romain Arneodo (M\u00f3naco) y Benoit Paire (Francia).<\/p>\n\n\n\n<p>. A continuaci\u00f3n:<\/p>\n\n\n\n<p>Simone Bolelli (Italia) y M\u00e1ximo Gonz\u00e1lez (Argentina) vs. Lorenzo Sonego (Italia) y Andrea Vavassori (Italia).<\/p>\n","protected":false},"excerpt":{"rendered":"<p>El tandilense vuelve al circuito luego de 965 d\u00edas y jugar\u00e1 ante el azule\u00f1o Delbonis, no antes de las 20, en la cancha central Guillermo Vilas del Buenos Aires Lawn Tennis Club.<\/p>\n","protected":false},"author":2,"featured_media":34619,"comment_status":"open","ping_status":"open","sticky":false,"template":"","format":"standard","meta":{"om_disable_all_campaigns":false,"_monsterinsights_skip_tracking":false,"_monsterinsights_sitenote_active":false,"_monsterinsights_sitenote_note":"","_monsterinsights_sitenote_category":0,"_uf_show_specific_survey":0,"_uf_disable_surveys":false,"jetpack_post_was_ever_published":false,"_jetpack_newsletter_access":"","_jetpack_dont_email_post_to_subs":false,"_jetpack_newsletter_tier_id":0,"_jetpack_memberships_contains_paywalled_content":false,"_jetpack_memberships_contains_paid_content":false,"footnotes":"","jetpack_publicize_message":"","jetpack_publicize_feature_enabled":true,"jetpack_social_post_already_shared":false,"jetpack_social_options":{"image_generator_settings":{"template":"highway","default_image_id":0,"font":"","enabled":false},"version":2}},"categories":[6],"tags":[],"class_list":["post-34618","post","type-post","status-publish","format-standard","has-post-thumbnail","hentry","category-deportes"],"aioseo_notices":[],"views":8,"jetpack_publicize_connections":[],"jetpack_featured_media_url":"https:\/\/i0.wp.com\/elterritorialweb.com.ar\/web\/wp-content\/uploads\/2022\/02\/juan-martin-del-potro_416x234.jpg?fit=416%2C234&ssl=1","jetpack_sharing_enabled":true,"_links":{"self":[{"href":"https:\/\/elterritorialweb.com.ar\/web\/wp-json\/wp\/v2\/posts\/34618","targetHints":{"allow":["GET"]}}],"collection":[{"href":"https:\/\/elterritorialweb.com.ar\/web\/wp-json\/wp\/v2\/posts"}],"about":[{"href":"https:\/\/elterritorialweb.com.ar\/web\/wp-json\/wp\/v2\/types\/post"}],"author":[{"embeddable":true,"href":"https:\/\/elterritorialweb.com.ar\/web\/wp-json\/wp\/v2\/users\/2"}],"replies":[{"embeddable":true,"href":"https:\/\/elterritorialweb.com.ar\/web\/wp-json\/wp\/v2\/comments?post=34618"}],"version-history":[{"count":1,"href":"https:\/\/elterritorialweb.com.ar\/web\/wp-json\/wp\/v2\/posts\/34618\/revisions"}],"predecessor-version":[{"id":34620,"href":"https:\/\/elterritorialweb.com.ar\/web\/wp-json\/wp\/v2\/posts\/34618\/revisions\/34620"}],"wp:featuredmedia":[{"embeddable":true,"href":"https:\/\/elterritorialweb.com.ar\/web\/wp-json\/wp\/v2\/media\/34619"}],"wp:attachment":[{"href":"https:\/\/elterritorialweb.com.ar\/web\/wp-json\/wp\/v2\/media?parent=34618"}],"wp:term":[{"taxonomy":"category","embeddable":true,"href":"https:\/\/elterritorialweb.com.ar\/web\/wp-json\/wp\/v2\/categories?post=34618"},{"taxonomy":"post_tag","embeddable":true,"href":"https:\/\/elterritorialweb.com.ar\/web\/wp-json\/wp\/v2\/tags?post=34618"}],"curies":[{"name":"wp","href":"https:\/\/api.w.org\/{rel}","templated":true}]}}