{"id":34621,"date":"2022-02-08T22:31:39","date_gmt":"2022-02-08T22:31:39","guid":{"rendered":"http:\/\/elterritorialweb.com.ar\/web\/?p=34621"},"modified":"2022-02-08T22:31:40","modified_gmt":"2022-02-08T22:31:40","slug":"la-unse-comienza-la-conversion-de-vehiculos-tradicionales-a-electricos","status":"publish","type":"post","link":"https:\/\/elterritorialweb.com.ar\/web\/la-unse-comienza-la-conversion-de-vehiculos-tradicionales-a-electricos\/","title":{"rendered":"LA UNSE COMIENZA LA CONVERSI\u00d3N DE VEH\u00cdCULOS TRADICIONALES A EL\u00c9CTRICOS"},"content":{"rendered":"\n<p>&#xfe0f;Expertos del Instituto de Tecnolog\u00edas Aplicadas inician la transformaci\u00f3n de un veh\u00edculo con combustible a ciento por ciento el\u00e9ctrico, como parte de un proyecto aprobado por el Ministerio de Ciencia, Tecnolog\u00eda e Innovaci\u00f3n (MINCyT).<\/p>\n\n\n\n<figure class=\"wp-block-image size-full\"><a href=\"https:\/\/i0.wp.com\/elterritorialweb.com.ar\/web\/wp-content\/uploads\/2022\/02\/IMG-20220208-WA0046.jpg\"><img data-recalc-dims=\"1\" decoding=\"async\" width=\"552\" height=\"368\" data-src=\"https:\/\/i0.wp.com\/elterritorialweb.com.ar\/web\/wp-content\/uploads\/2022\/02\/IMG-20220208-WA0046.jpg?resize=552%2C368\" alt=\"\" class=\"wp-image-34623 lazyload\" data-srcset=\"https:\/\/i0.wp.com\/elterritorialweb.com.ar\/web\/wp-content\/uploads\/2022\/02\/IMG-20220208-WA0046.jpg?w=552&amp;ssl=1 552w, https:\/\/i0.wp.com\/elterritorialweb.com.ar\/web\/wp-content\/uploads\/2022\/02\/IMG-20220208-WA0046.jpg?resize=300%2C200&amp;ssl=1 300w\" data-sizes=\"(max-width: 552px) 100vw, 552px\" src=\"data:image\/svg+xml;base64,PHN2ZyB3aWR0aD0iMSIgaGVpZ2h0PSIxIiB4bWxucz0iaHR0cDovL3d3dy53My5vcmcvMjAwMC9zdmciPjwvc3ZnPg==\" style=\"--smush-placeholder-width: 552px; --smush-placeholder-aspect-ratio: 552\/368;\" \/><\/a><\/figure>\n\n\n\n<p>Pioneros en la provincia y en el \u00e1mbito de la Facultad de Ciencias Exactas y Tecnolog\u00edas, el equipo liderado por el ingeniero Luis Antonio Pappalardo, convertir\u00e1 el autom\u00f3vil en sustentable energ\u00e9ticamente, gracias a la instalaci\u00f3n de motor el\u00e9ctrico, sistema de bater\u00edas y punto de carga.<\/p>\n","protected":false},"excerpt":{"rendered":"<p>Universidad Nacional de Santiago del Estero.<\/p>\n","protected":false},"author":2,"featured_media":34622,"comment_status":"open","ping_status":"open","sticky":false,"template":"","format":"standard","meta":{"om_disable_all_campaigns":false,"_monsterinsights_skip_tracking":false,"_monsterinsights_sitenote_active":false,"_monsterinsights_sitenote_note":"","_monsterinsights_sitenote_category":0,"_uf_show_specific_survey":0,"_uf_disable_surveys":false,"jetpack_post_was_ever_published":false,"_jetpack_newsletter_access":"","_jetpack_dont_email_post_to_subs":false,"_jetpack_newsletter_tier_id":0,"_jetpack_memberships_contains_paywalled_content":false,"_jetpack_memberships_contains_paid_content":false,"footnotes":"","jetpack_publicize_message":"","jetpack_publicize_feature_enabled":true,"jetpack_social_post_already_shared":false,"jetpack_social_options":{"image_generator_settings":{"template":"highway","default_image_id":0,"font":"","enabled":false},"version":2}},"categories":[21],"tags":[],"class_list":["post-34621","post","type-post","status-publish","format-standard","has-post-thumbnail","hentry","category-locales"],"aioseo_notices":[],"views":11,"jetpack_publicize_connections":[],"jetpack_featured_media_url":"https:\/\/i0.wp.com\/elterritorialweb.com.ar\/web\/wp-content\/uploads\/2022\/02\/IMG-20220208-WA0047.jpg?fit=552%2C368&ssl=1","jetpack_sharing_enabled":true,"_links":{"self":[{"href":"https:\/\/elterritorialweb.com.ar\/web\/wp-json\/wp\/v2\/posts\/34621","targetHints":{"allow":["GET"]}}],"collection":[{"href":"https:\/\/elterritorialweb.com.ar\/web\/wp-json\/wp\/v2\/posts"}],"about":[{"href":"https:\/\/elterritorialweb.com.ar\/web\/wp-json\/wp\/v2\/types\/post"}],"author":[{"embeddable":true,"href":"https:\/\/elterritorialweb.com.ar\/web\/wp-json\/wp\/v2\/users\/2"}],"replies":[{"embeddable":true,"href":"https:\/\/elterritorialweb.com.ar\/web\/wp-json\/wp\/v2\/comments?post=34621"}],"version-history":[{"count":1,"href":"https:\/\/elterritorialweb.com.ar\/web\/wp-json\/wp\/v2\/posts\/34621\/revisions"}],"predecessor-version":[{"id":34624,"href":"https:\/\/elterritorialweb.com.ar\/web\/wp-json\/wp\/v2\/posts\/34621\/revisions\/34624"}],"wp:featuredmedia":[{"embeddable":true,"href":"https:\/\/elterritorialweb.com.ar\/web\/wp-json\/wp\/v2\/media\/34622"}],"wp:attachment":[{"href":"https:\/\/elterritorialweb.com.ar\/web\/wp-json\/wp\/v2\/media?parent=34621"}],"wp:term":[{"taxonomy":"category","embeddable":true,"href":"https:\/\/elterritorialweb.com.ar\/web\/wp-json\/wp\/v2\/categories?post=34621"},{"taxonomy":"post_tag","embeddable":true,"href":"https:\/\/elterritorialweb.com.ar\/web\/wp-json\/wp\/v2\/tags?post=34621"}],"curies":[{"name":"wp","href":"https:\/\/api.w.org\/{rel}","templated":true}]}}