{"id":34625,"date":"2022-02-08T23:03:16","date_gmt":"2022-02-08T23:03:16","guid":{"rendered":"http:\/\/elterritorialweb.com.ar\/web\/?p=34625"},"modified":"2022-02-08T23:03:17","modified_gmt":"2022-02-08T23:03:17","slug":"exito-total-en-el-inicio-de-la-colonia-de-vacaciones-municipal","status":"publish","type":"post","link":"https:\/\/elterritorialweb.com.ar\/web\/exito-total-en-el-inicio-de-la-colonia-de-vacaciones-municipal\/","title":{"rendered":"\u00c9XITO TOTAL EN EL INICIO DE LA COLONIA DE VACACIONES MUNICIPAL"},"content":{"rendered":"\n<p><br>En la oportunidad, acompa\u00f1aron el lanzamiento el Secretario de Desarrollo Humano, Ramiro Barrera; el director de Deporte, Mario C\u00e1ceres; el director de Juntas Vecinales, Diego Torres; la directora de Nutrici\u00f3n Comunitaria, Viviana Asaad; desde el \u00e1rea de Salud del CIC San Carlos, Ver\u00f3nico Su\u00e1rez, y dem\u00e1s autoridades.<br>M\u00e1s de 150 ni\u00f1os y ni\u00f1as disfrutaron de una gran jornada recreativa con juegos, pileta y muchas actividades.<br>Los peque\u00f1os adem\u00e1s fueron trasladados desde sus barrios por el equipo de Juntas Vecinales y Parque Automotor, \u00e1reas que trabajan en conjunto para que todos puedan disfrutar de estas vacaciones organizada por la comuna.<br>Asimismo, Nutrici\u00f3n Comunitaria brind\u00f3 a los bande\u00f1itos un rico y nutritivo desayuno y almuerzo; junto con los cuidados del \u00e1rea de Salud del Centro Integral Comunitario del barrio San Carlos, que estuvieron presentes para prevenir cualquier inconveniente.<br>Durante la jornada, m\u00e1s de 40 profesores estuvieron a cargo de la supervisi\u00f3n de los peque\u00f1os y de las diferentes actividades que realizaron, con todo el cuidado y la contenci\u00f3n correspondiente.<\/p>\n\n\n\n<figure class=\"wp-block-image size-large\"><a href=\"https:\/\/i0.wp.com\/elterritorialweb.com.ar\/web\/wp-content\/uploads\/2022\/02\/IMG-20220208-WA0061.jpg\"><img data-recalc-dims=\"1\" decoding=\"async\" width=\"640\" height=\"853\" data-src=\"https:\/\/i0.wp.com\/elterritorialweb.com.ar\/web\/wp-content\/uploads\/2022\/02\/IMG-20220208-WA0061.jpg?resize=640%2C853\" alt=\"\" class=\"wp-image-34627 lazyload\" data-srcset=\"https:\/\/i0.wp.com\/elterritorialweb.com.ar\/web\/wp-content\/uploads\/2022\/02\/IMG-20220208-WA0061.jpg?resize=768%2C1024&amp;ssl=1 768w, https:\/\/i0.wp.com\/elterritorialweb.com.ar\/web\/wp-content\/uploads\/2022\/02\/IMG-20220208-WA0061.jpg?resize=225%2C300&amp;ssl=1 225w, https:\/\/i0.wp.com\/elterritorialweb.com.ar\/web\/wp-content\/uploads\/2022\/02\/IMG-20220208-WA0061.jpg?resize=1152%2C1536&amp;ssl=1 1152w, https:\/\/i0.wp.com\/elterritorialweb.com.ar\/web\/wp-content\/uploads\/2022\/02\/IMG-20220208-WA0061.jpg?resize=1024%2C1365&amp;ssl=1 1024w, https:\/\/i0.wp.com\/elterritorialweb.com.ar\/web\/wp-content\/uploads\/2022\/02\/IMG-20220208-WA0061.jpg?w=1200&amp;ssl=1 1200w\" data-sizes=\"(max-width: 640px) 100vw, 640px\" src=\"data:image\/svg+xml;base64,PHN2ZyB3aWR0aD0iMSIgaGVpZ2h0PSIxIiB4bWxucz0iaHR0cDovL3d3dy53My5vcmcvMjAwMC9zdmciPjwvc3ZnPg==\" style=\"--smush-placeholder-width: 640px; --smush-placeholder-aspect-ratio: 640\/853;\" \/><\/a><\/figure>\n\n\n\n<p><br>As\u00ed lo explic\u00f3 el director de Deporte, Mario C\u00e1ceres, quien adem\u00e1s cont\u00f3 que la din\u00e1mica de la jornada estuvo planeada para evitar el amontonamiento de los ni\u00f1os, por lo que fueron separados en grupos para realizar por ejemplo, actividades rotativas en la pileta, al aire libre y en el sal\u00f3n multiuso del gym Municipal.<br>En este sentido, ni\u00f1os y ni\u00f1as del barrio Los Naranjos, Independencia, El Brete, Banfield, Mercantil y Textil, colmaron de energ\u00eda y alegr\u00eda la ma\u00f1ana del Gimnasio y Natatorio Municipal.<\/p>\n","protected":false},"excerpt":{"rendered":"<p>En la ma\u00f1ana del martes, la Direcci\u00f3n de deportes, dependiente de la Secretar\u00eda de Desarrollo Humano de la Municipalidad de La Banda, dio inicio a la colonia de vacaciones gratuita en el Gimnasio Municipal, ubicado sobre Avenida Besares.<\/p>\n","protected":false},"author":2,"featured_media":34626,"comment_status":"open","ping_status":"open","sticky":false,"template":"","format":"standard","meta":{"om_disable_all_campaigns":false,"_monsterinsights_skip_tracking":false,"_monsterinsights_sitenote_active":false,"_monsterinsights_sitenote_note":"","_monsterinsights_sitenote_category":0,"_uf_show_specific_survey":0,"_uf_disable_surveys":false,"jetpack_post_was_ever_published":false,"_jetpack_newsletter_access":"","_jetpack_dont_email_post_to_subs":false,"_jetpack_newsletter_tier_id":0,"_jetpack_memberships_contains_paywalled_content":false,"_jetpack_memberships_contains_paid_content":false,"footnotes":"","jetpack_publicize_message":"","jetpack_publicize_feature_enabled":true,"jetpack_social_post_already_shared":false,"jetpack_social_options":{"image_generator_settings":{"template":"highway","default_image_id":0,"font":"","enabled":false},"version":2}},"categories":[21],"tags":[],"class_list":["post-34625","post","type-post","status-publish","format-standard","has-post-thumbnail","hentry","category-locales"],"aioseo_notices":[],"views":7,"jetpack_publicize_connections":[],"jetpack_featured_media_url":"https:\/\/i0.wp.com\/elterritorialweb.com.ar\/web\/wp-content\/uploads\/2022\/02\/IMG-20220208-WA0060.jpg?fit=1200%2C1600&ssl=1","jetpack_sharing_enabled":true,"_links":{"self":[{"href":"https:\/\/elterritorialweb.com.ar\/web\/wp-json\/wp\/v2\/posts\/34625","targetHints":{"allow":["GET"]}}],"collection":[{"href":"https:\/\/elterritorialweb.com.ar\/web\/wp-json\/wp\/v2\/posts"}],"about":[{"href":"https:\/\/elterritorialweb.com.ar\/web\/wp-json\/wp\/v2\/types\/post"}],"author":[{"embeddable":true,"href":"https:\/\/elterritorialweb.com.ar\/web\/wp-json\/wp\/v2\/users\/2"}],"replies":[{"embeddable":true,"href":"https:\/\/elterritorialweb.com.ar\/web\/wp-json\/wp\/v2\/comments?post=34625"}],"version-history":[{"count":1,"href":"https:\/\/elterritorialweb.com.ar\/web\/wp-json\/wp\/v2\/posts\/34625\/revisions"}],"predecessor-version":[{"id":34628,"href":"https:\/\/elterritorialweb.com.ar\/web\/wp-json\/wp\/v2\/posts\/34625\/revisions\/34628"}],"wp:featuredmedia":[{"embeddable":true,"href":"https:\/\/elterritorialweb.com.ar\/web\/wp-json\/wp\/v2\/media\/34626"}],"wp:attachment":[{"href":"https:\/\/elterritorialweb.com.ar\/web\/wp-json\/wp\/v2\/media?parent=34625"}],"wp:term":[{"taxonomy":"category","embeddable":true,"href":"https:\/\/elterritorialweb.com.ar\/web\/wp-json\/wp\/v2\/categories?post=34625"},{"taxonomy":"post_tag","embeddable":true,"href":"https:\/\/elterritorialweb.com.ar\/web\/wp-json\/wp\/v2\/tags?post=34625"}],"curies":[{"name":"wp","href":"https:\/\/api.w.org\/{rel}","templated":true}]}}