{"id":34637,"date":"2022-02-09T02:38:39","date_gmt":"2022-02-09T02:38:39","guid":{"rendered":"http:\/\/elterritorialweb.com.ar\/web\/?p=34637"},"modified":"2022-02-09T02:38:41","modified_gmt":"2022-02-09T02:38:41","slug":"continuan-las-reuniones-del-programa-mis-primeros-1700-dias-con-upas","status":"publish","type":"post","link":"https:\/\/elterritorialweb.com.ar\/web\/continuan-las-reuniones-del-programa-mis-primeros-1700-dias-con-upas\/","title":{"rendered":"CONTIN\u00daAN LAS REUNIONES DEL PROGRAMA \u00abMIS PRIMEROS 1700 D\u00cdAS\u00bb CON UPAS"},"content":{"rendered":"\n<p>Las UPAS que participaron en esta reuni\u00f3n fueron: N\u00b0 11, Campo Contreras (Oeste), N\u00b0 13, B\u00b0 Mosconi, N\u00b0 14,B\u00b0 Almirante Brown, N\u00b0 15, B\u00b0 Tradici\u00f3n, N\u00b0 16 B\u00b0 Campo Contreras, N\u00b0 17, B\u00b0 Borges, N\u00b0 18 B\u00b0 Aeropuerto, N\u00b0 19, B\u00b0 Independencia ,N\u00b0 20 ,B\u00b0 Villa Esther, N\u00b0 21, B\u00b0 La Cat\u00f3lica y N\u00b0 23, B\u00b0 Vinalar.<br>El referente del programa \u201cMis Primeros 1700 D\u00edas\u201d, Dr. Benjam\u00edn Coria inform\u00f3 que \u201choy es la segunda jornada de reuniones que re\u00fane a 34 UPAS en Santiago del Estero, 25 de Capital y 9 de La Banda que vamos a trabajar en forma conjunta. La idea es recabar informaci\u00f3n de c\u00f3mo est\u00e1n trabajando las UPAS que es lo que necesitan y c\u00f3mo podemos colaborar\u201d. Agreg\u00f3 que \u201cel programa 1700 d\u00edas adem\u00e1s de cubrir a la mujer embarazada y hasta los ni\u00f1os de 4 a\u00f1os, hemos agregado a los hermanitos y tambi\u00e9n a los ni\u00f1os hasta los 10 a\u00f1os que tengan capacidades diferentes y sobre todo que sea necesaria una buena alimentaci\u00f3n para fortalecer el sistema inmune. En algunos casos hemos llegado a los geri\u00e1tricos y si las UPAS creen conveniente anotar a personas de edad avanzada y que necesiten el programa, tambi\u00e9n vamos a llegar a esa gente\u201d, concluy\u00f3 el Dr. Coria.<\/p>\n","protected":false},"excerpt":{"rendered":"<p>Contin\u00faan las reuniones entre el equipo del programa provincial \u201cMis Primeros 1700 D\u00edas\u201d con personal de distintas UPAs de la ciudad Capital a fin de coordinar acciones de trabajo y compartir experiencias para mejorar el funcionamiento del sistema en l\u00edneas generales, en todo el territorio provincial.<\/p>\n","protected":false},"author":2,"featured_media":34638,"comment_status":"open","ping_status":"open","sticky":false,"template":"","format":"standard","meta":{"om_disable_all_campaigns":false,"_monsterinsights_skip_tracking":false,"_monsterinsights_sitenote_active":false,"_monsterinsights_sitenote_note":"","_monsterinsights_sitenote_category":0,"_uf_show_specific_survey":0,"_uf_disable_surveys":false,"jetpack_post_was_ever_published":false,"_jetpack_newsletter_access":"","_jetpack_dont_email_post_to_subs":false,"_jetpack_newsletter_tier_id":0,"_jetpack_memberships_contains_paywalled_content":false,"_jetpack_memberships_contains_paid_content":false,"footnotes":"","jetpack_publicize_message":"","jetpack_publicize_feature_enabled":true,"jetpack_social_post_already_shared":false,"jetpack_social_options":{"image_generator_settings":{"template":"highway","default_image_id":0,"font":"","enabled":false},"version":2}},"categories":[21],"tags":[],"class_list":["post-34637","post","type-post","status-publish","format-standard","has-post-thumbnail","hentry","category-locales"],"aioseo_notices":[],"views":7,"jetpack_publicize_connections":[],"jetpack_featured_media_url":"https:\/\/i0.wp.com\/elterritorialweb.com.ar\/web\/wp-content\/uploads\/2022\/02\/Screenshot_20220208-2333162.png?fit=720%2C463&ssl=1","jetpack_sharing_enabled":true,"_links":{"self":[{"href":"https:\/\/elterritorialweb.com.ar\/web\/wp-json\/wp\/v2\/posts\/34637","targetHints":{"allow":["GET"]}}],"collection":[{"href":"https:\/\/elterritorialweb.com.ar\/web\/wp-json\/wp\/v2\/posts"}],"about":[{"href":"https:\/\/elterritorialweb.com.ar\/web\/wp-json\/wp\/v2\/types\/post"}],"author":[{"embeddable":true,"href":"https:\/\/elterritorialweb.com.ar\/web\/wp-json\/wp\/v2\/users\/2"}],"replies":[{"embeddable":true,"href":"https:\/\/elterritorialweb.com.ar\/web\/wp-json\/wp\/v2\/comments?post=34637"}],"version-history":[{"count":1,"href":"https:\/\/elterritorialweb.com.ar\/web\/wp-json\/wp\/v2\/posts\/34637\/revisions"}],"predecessor-version":[{"id":34639,"href":"https:\/\/elterritorialweb.com.ar\/web\/wp-json\/wp\/v2\/posts\/34637\/revisions\/34639"}],"wp:featuredmedia":[{"embeddable":true,"href":"https:\/\/elterritorialweb.com.ar\/web\/wp-json\/wp\/v2\/media\/34638"}],"wp:attachment":[{"href":"https:\/\/elterritorialweb.com.ar\/web\/wp-json\/wp\/v2\/media?parent=34637"}],"wp:term":[{"taxonomy":"category","embeddable":true,"href":"https:\/\/elterritorialweb.com.ar\/web\/wp-json\/wp\/v2\/categories?post=34637"},{"taxonomy":"post_tag","embeddable":true,"href":"https:\/\/elterritorialweb.com.ar\/web\/wp-json\/wp\/v2\/tags?post=34637"}],"curies":[{"name":"wp","href":"https:\/\/api.w.org\/{rel}","templated":true}]}}