{"id":34661,"date":"2022-02-09T06:26:59","date_gmt":"2022-02-09T06:26:59","guid":{"rendered":"http:\/\/elterritorialweb.com.ar\/web\/?p=34661"},"modified":"2022-02-09T06:27:16","modified_gmt":"2022-02-09T06:27:16","slug":"manzur-ya-arguello-destacaron-el-potencial-de-santiago-para-exportar","status":"publish","type":"post","link":"https:\/\/elterritorialweb.com.ar\/web\/manzur-ya-arguello-destacaron-el-potencial-de-santiago-para-exportar\/","title":{"rendered":"MANZUR Y ARG\u00dcELLO DESTACARON EL POTENCIAL DE SANTIAGO PARA EXPORTAR"},"content":{"rendered":"\n<p>El encuentro se desarroll\u00f3 en el sal\u00f3n Estrella del Norte del F\u00f3rum, donde tambi\u00e9n participaron el senador nacional, Jos\u00e9 Emilio Neder; el vicegobernador, Carlos Silva Neder; el jefe de Gabinete, El\u00edas Su\u00e1rez y miembros de diversas c\u00e1maras empresariales.<\/p>\n\n\n\n<p>El sector del turismo estuvo representado por la C\u00e1mara de Turismo y C\u00e1mara de Hoteleros y Gastron\u00f3micos, de Santiago del Estero; Bureau y C\u00e1mara Hotelera y Gastron\u00f3mica, de Las Termas. Adem\u00e1s, participaron C\u00e1mara Argentina de la Construcci\u00f3n (Delegaci\u00f3n Santiago del Estero), C\u00e1mara de la Construcci\u00f3n de Santiago del Estero (CACSE), C\u00e1mara Santiague\u00f1a de la Construcci\u00f3n y C\u00e1mara de Comercio e Industria, y de la Uni\u00f3n Industrial de Santiago del Estero.<\/p>\n\n\n\n<figure class=\"wp-block-image size-full\"><a href=\"https:\/\/i0.wp.com\/elterritorialweb.com.ar\/web\/wp-content\/uploads\/2022\/02\/FB_IMG_1644386408291.jpg\"><img data-recalc-dims=\"1\" decoding=\"async\" width=\"640\" height=\"427\" data-src=\"https:\/\/i0.wp.com\/elterritorialweb.com.ar\/web\/wp-content\/uploads\/2022\/02\/FB_IMG_1644386408291.jpg?resize=640%2C427\" alt=\"\" class=\"wp-image-34663 lazyload\" data-srcset=\"https:\/\/i0.wp.com\/elterritorialweb.com.ar\/web\/wp-content\/uploads\/2022\/02\/FB_IMG_1644386408291.jpg?w=719&amp;ssl=1 719w, https:\/\/i0.wp.com\/elterritorialweb.com.ar\/web\/wp-content\/uploads\/2022\/02\/FB_IMG_1644386408291.jpg?resize=300%2C200&amp;ssl=1 300w\" data-sizes=\"(max-width: 640px) 100vw, 640px\" src=\"data:image\/svg+xml;base64,PHN2ZyB3aWR0aD0iMSIgaGVpZ2h0PSIxIiB4bWxucz0iaHR0cDovL3d3dy53My5vcmcvMjAwMC9zdmciPjwvc3ZnPg==\" style=\"--smush-placeholder-width: 640px; --smush-placeholder-aspect-ratio: 640\/427;\" \/><\/a><\/figure>\n\n\n\n<p>Se trata de una de las primeras visitas presenciales de Arg\u00fcello del programa \u201cAgenda Federal de la Embajada Argentina en Washington\u201d, una iniciativa que procura desarrollar las prioridades de las provincias argentinas en la relaci\u00f3n bilateral con Estados Unidos, con miras a promover las exportaciones y atraer inversiones a los ecosistemas regionales.<\/p>\n\n\n\n<p>Tras el encuentro, el gobernador Zamora explic\u00f3 en di\u00e1logo con la prensa que \u201clo importante de esta visita ha sido la reuni\u00f3n con los empresarios, ya que los n\u00fameros oficiales que manejamos de la oferta exportable han dado un importante crecimiento y que ponen a Santiago del Estero a la vanguardia\u201d.<\/p>\n\n\n\n<figure class=\"wp-block-image size-full\"><a href=\"https:\/\/i0.wp.com\/elterritorialweb.com.ar\/web\/wp-content\/uploads\/2022\/02\/FB_IMG_1644386400470.jpg\"><img data-recalc-dims=\"1\" decoding=\"async\" width=\"640\" height=\"504\" data-src=\"https:\/\/i0.wp.com\/elterritorialweb.com.ar\/web\/wp-content\/uploads\/2022\/02\/FB_IMG_1644386400470.jpg?resize=640%2C504\" alt=\"\" class=\"wp-image-34664 lazyload\" data-srcset=\"https:\/\/i0.wp.com\/elterritorialweb.com.ar\/web\/wp-content\/uploads\/2022\/02\/FB_IMG_1644386400470.jpg?w=720&amp;ssl=1 720w, https:\/\/i0.wp.com\/elterritorialweb.com.ar\/web\/wp-content\/uploads\/2022\/02\/FB_IMG_1644386400470.jpg?resize=300%2C236&amp;ssl=1 300w\" data-sizes=\"(max-width: 640px) 100vw, 640px\" src=\"data:image\/svg+xml;base64,PHN2ZyB3aWR0aD0iMSIgaGVpZ2h0PSIxIiB4bWxucz0iaHR0cDovL3d3dy53My5vcmcvMjAwMC9zdmciPjwvc3ZnPg==\" style=\"--smush-placeholder-width: 640px; --smush-placeholder-aspect-ratio: 640\/504;\" \/><\/a><\/figure>\n\n\n\n<p>Por su parte, Arg\u00fcello declar\u00f3 que la visita tiene como foco \u00abla promoci\u00f3n de exportaciones y atracci\u00f3n de inversiones para generar empleo y dinamizar las econom\u00edas regionales\u00bb, como \u00abuna clara muestra de una fuerte voluntad pol\u00edtica y federal del Gobierno\u00bb.<\/p>\n\n\n\n<p>Finalmente, Manzur afirm\u00f3 que \u201cest\u00e1 la potencialidad y ahora lo que tenemos que hacer es trabajar entre todos los sectores para que esto contin\u00fae y el desarrollo de Santiago del Estero no se detenga\u201d.<\/p>\n","protected":false},"excerpt":{"rendered":"<p>El jefe de Gabinete de Ministros de la Naci\u00f3n, Juan Manzur, y el embajador argentino en los Estados Unidos, Jorge Arg\u00fcello, se reunieron con el gobernador Gerardo Zamora y empresarios santiague\u00f1os para analizar la exportaciones de productos locales al pa\u00eds norteamericano, oportunidad en la que destacaron el potencial de la provincia.<\/p>\n","protected":false},"author":2,"featured_media":34662,"comment_status":"open","ping_status":"open","sticky":false,"template":"","format":"standard","meta":{"om_disable_all_campaigns":false,"_monsterinsights_skip_tracking":false,"_monsterinsights_sitenote_active":false,"_monsterinsights_sitenote_note":"","_monsterinsights_sitenote_category":0,"_uf_show_specific_survey":0,"_uf_disable_surveys":false,"jetpack_post_was_ever_published":false,"_jetpack_newsletter_access":"","_jetpack_dont_email_post_to_subs":false,"_jetpack_newsletter_tier_id":0,"_jetpack_memberships_contains_paywalled_content":false,"_jetpack_memberships_contains_paid_content":false,"footnotes":"","jetpack_publicize_message":"","jetpack_publicize_feature_enabled":true,"jetpack_social_post_already_shared":false,"jetpack_social_options":{"image_generator_settings":{"template":"highway","default_image_id":0,"font":"","enabled":false},"version":2}},"categories":[21],"tags":[],"class_list":["post-34661","post","type-post","status-publish","format-standard","has-post-thumbnail","hentry","category-locales"],"aioseo_notices":[],"views":11,"jetpack_publicize_connections":[],"jetpack_featured_media_url":"https:\/\/i0.wp.com\/elterritorialweb.com.ar\/web\/wp-content\/uploads\/2022\/02\/FB_IMG_1644386358195.jpg?fit=719%2C480&ssl=1","jetpack_sharing_enabled":true,"_links":{"self":[{"href":"https:\/\/elterritorialweb.com.ar\/web\/wp-json\/wp\/v2\/posts\/34661","targetHints":{"allow":["GET"]}}],"collection":[{"href":"https:\/\/elterritorialweb.com.ar\/web\/wp-json\/wp\/v2\/posts"}],"about":[{"href":"https:\/\/elterritorialweb.com.ar\/web\/wp-json\/wp\/v2\/types\/post"}],"author":[{"embeddable":true,"href":"https:\/\/elterritorialweb.com.ar\/web\/wp-json\/wp\/v2\/users\/2"}],"replies":[{"embeddable":true,"href":"https:\/\/elterritorialweb.com.ar\/web\/wp-json\/wp\/v2\/comments?post=34661"}],"version-history":[{"count":2,"href":"https:\/\/elterritorialweb.com.ar\/web\/wp-json\/wp\/v2\/posts\/34661\/revisions"}],"predecessor-version":[{"id":34666,"href":"https:\/\/elterritorialweb.com.ar\/web\/wp-json\/wp\/v2\/posts\/34661\/revisions\/34666"}],"wp:featuredmedia":[{"embeddable":true,"href":"https:\/\/elterritorialweb.com.ar\/web\/wp-json\/wp\/v2\/media\/34662"}],"wp:attachment":[{"href":"https:\/\/elterritorialweb.com.ar\/web\/wp-json\/wp\/v2\/media?parent=34661"}],"wp:term":[{"taxonomy":"category","embeddable":true,"href":"https:\/\/elterritorialweb.com.ar\/web\/wp-json\/wp\/v2\/categories?post=34661"},{"taxonomy":"post_tag","embeddable":true,"href":"https:\/\/elterritorialweb.com.ar\/web\/wp-json\/wp\/v2\/tags?post=34661"}],"curies":[{"name":"wp","href":"https:\/\/api.w.org\/{rel}","templated":true}]}}