{"id":34667,"date":"2022-02-09T18:03:55","date_gmt":"2022-02-09T18:03:55","guid":{"rendered":"http:\/\/elterritorialweb.com.ar\/web\/?p=34667"},"modified":"2022-02-09T18:03:55","modified_gmt":"2022-02-09T18:03:55","slug":"capacitacion-de-concientizacion-en-la-tematica-de-genero-y-violencia-contra-mujeres-y-diversidades","status":"publish","type":"post","link":"https:\/\/elterritorialweb.com.ar\/web\/capacitacion-de-concientizacion-en-la-tematica-de-genero-y-violencia-contra-mujeres-y-diversidades\/","title":{"rendered":"CAPACITACI\u00d3N DE CONCIENTIZACI\u00d3N EN LA TEM\u00c1TICA DE G\u00c9NERO Y VIOLENCIA CONTRA MUJERES Y DIVERSIDADES"},"content":{"rendered":"\n<p>La jornada estuvo encabezada por el subsecretario de Justicia, Dr. Ramiro Santill\u00e1n; subsecretar\u00eda a cargo de Pol\u00edticas de Mujer, G\u00e9nero y Diversidad Dra. Natalia Carreras y la directora general del Servicio Penitenciario Provincial, Mar\u00eda Rosa Coria entre otros.<br>Haciendo referencia a la actividad el subsecretario, Ramiro Santill\u00e1n, dijo \u201ces una jornada de reflexi\u00f3n para internalizar conceptos como pol\u00edticas de estado. Desde el gobierno de la provincia nos hemos propuestos para todas las instituciones, reforzar algunos de los valores en el proceso de muchos a\u00f1os, sosteniendo la condici\u00f3n profesional en la problem\u00e1tica de violencia de g\u00e9nero y que se consideren todos los derechos, garant\u00edas y toda pr\u00e1ctica de derechos humanos especialmente de aquellos que trabajan con las personas privadas de su libertad. El objetivo de esta capacitaci\u00f3n es complementar la formaci\u00f3n en el marco de la Ley Micaela y en este sentido nuestra provincia es la primera que ha establecido los juzgados de g\u00e9nero dentro del poder judicial y desde estos espacios se realizan acciones que desde el gobierno se llevan adelante para tratar esta tem\u00e1tica resolverla y para buscar las mejores herramientas y mecanismos, dijo Santill\u00e1n.<br>Por su parte la subsecretaria, Natalia Carreras expres\u00f3; \u201cpara nosotros es un orgullo poder transmitirles algunas herramientas que tienen que ser \u00fatiles en su tarea diaria y tambi\u00e9n a lo largo de su vida en la relaci\u00f3n interpersonal con su familia y sociedad. Como agentes del estado debemos y podemos resolver situaciones y hacerlo de la mejor manera\u201d, concluy\u00f3.<\/p>\n","protected":false},"excerpt":{"rendered":"<p>En la sede del Servicio Penitenciario de la Mujer se realiz\u00f3 una capacitaci\u00f3n de concientizaci\u00f3n en la tem\u00e1tica de G\u00e9nero y Violencia contra las Mujeres y Diversidades, en el marco de la Ley Nacional 27.499 \u00abLey Micaela\u00bb destinas para el conjunto de las autoridades y personal sobre violencia de g\u00e9nero de la provincia.<\/p>\n","protected":false},"author":2,"featured_media":34668,"comment_status":"open","ping_status":"open","sticky":false,"template":"","format":"standard","meta":{"om_disable_all_campaigns":false,"_monsterinsights_skip_tracking":false,"_monsterinsights_sitenote_active":false,"_monsterinsights_sitenote_note":"","_monsterinsights_sitenote_category":0,"_uf_show_specific_survey":0,"_uf_disable_surveys":false,"jetpack_post_was_ever_published":false,"_jetpack_newsletter_access":"","_jetpack_dont_email_post_to_subs":false,"_jetpack_newsletter_tier_id":0,"_jetpack_memberships_contains_paywalled_content":false,"_jetpack_memberships_contains_paid_content":false,"footnotes":"","jetpack_publicize_message":"","jetpack_publicize_feature_enabled":true,"jetpack_social_post_already_shared":false,"jetpack_social_options":{"image_generator_settings":{"template":"highway","default_image_id":0,"font":"","enabled":false},"version":2}},"categories":[21],"tags":[],"class_list":["post-34667","post","type-post","status-publish","format-standard","has-post-thumbnail","hentry","category-locales"],"aioseo_notices":[],"views":6,"jetpack_publicize_connections":[],"jetpack_featured_media_url":"https:\/\/i0.wp.com\/elterritorialweb.com.ar\/web\/wp-content\/uploads\/2022\/02\/capacitan--scaled.jpg?fit=2560%2C1508&ssl=1","jetpack_sharing_enabled":true,"_links":{"self":[{"href":"https:\/\/elterritorialweb.com.ar\/web\/wp-json\/wp\/v2\/posts\/34667","targetHints":{"allow":["GET"]}}],"collection":[{"href":"https:\/\/elterritorialweb.com.ar\/web\/wp-json\/wp\/v2\/posts"}],"about":[{"href":"https:\/\/elterritorialweb.com.ar\/web\/wp-json\/wp\/v2\/types\/post"}],"author":[{"embeddable":true,"href":"https:\/\/elterritorialweb.com.ar\/web\/wp-json\/wp\/v2\/users\/2"}],"replies":[{"embeddable":true,"href":"https:\/\/elterritorialweb.com.ar\/web\/wp-json\/wp\/v2\/comments?post=34667"}],"version-history":[{"count":1,"href":"https:\/\/elterritorialweb.com.ar\/web\/wp-json\/wp\/v2\/posts\/34667\/revisions"}],"predecessor-version":[{"id":34669,"href":"https:\/\/elterritorialweb.com.ar\/web\/wp-json\/wp\/v2\/posts\/34667\/revisions\/34669"}],"wp:featuredmedia":[{"embeddable":true,"href":"https:\/\/elterritorialweb.com.ar\/web\/wp-json\/wp\/v2\/media\/34668"}],"wp:attachment":[{"href":"https:\/\/elterritorialweb.com.ar\/web\/wp-json\/wp\/v2\/media?parent=34667"}],"wp:term":[{"taxonomy":"category","embeddable":true,"href":"https:\/\/elterritorialweb.com.ar\/web\/wp-json\/wp\/v2\/categories?post=34667"},{"taxonomy":"post_tag","embeddable":true,"href":"https:\/\/elterritorialweb.com.ar\/web\/wp-json\/wp\/v2\/tags?post=34667"}],"curies":[{"name":"wp","href":"https:\/\/api.w.org\/{rel}","templated":true}]}}