{"id":34670,"date":"2022-02-09T22:05:40","date_gmt":"2022-02-09T22:05:40","guid":{"rendered":"http:\/\/elterritorialweb.com.ar\/web\/?p=34670"},"modified":"2022-02-10T01:31:36","modified_gmt":"2022-02-10T01:31:36","slug":"franco-lescano-lanza-su-nueva-cancion-pop","status":"publish","type":"post","link":"https:\/\/elterritorialweb.com.ar\/web\/franco-lescano-lanza-su-nueva-cancion-pop\/","title":{"rendered":"FRANCO LESCANO LANZA SU NUEVA CANCI\u00d3N POP"},"content":{"rendered":"\n<p>Franco Lescano y su nueva propuesta pop: M\u00e1s Ganas. Luego de su exitosa gira promocional por la Costa Atl\u00e1ntica presentando su reggaeton.<\/p>\n\n\n\n<p>Para Siempre, el ascendente cantautor santiague\u00f1o del pop urbano, Franco Lescano, en compa\u00f1\u00eda de su hermano Gast\u00f3n, lanzar\u00e1n hoy (jueves) a las 19 por todas las plataformas su nueva superproducci\u00f3n de corte pop denominada M\u00e1s Ganas. <\/p>\n\n\n\n<p>Este gran trabajo se desarroll\u00f3 de manera \u00edntegra en Santiago, rodando en las calles c\u00e9ntricas y en los estudios de Los Alfiles de H\u00e9ctor Kairuz. <\/p>\n\n\n\n<p>Es un excelente trabajo musical que estos talentos santiague\u00f1os pondr\u00e1n a consideraci\u00f3n de la gente, quien cada vez se suman m\u00e1s a la lista de seguidores cautivados por la calidad interpretativa, los videos de buena definici\u00f3n y las melod\u00edas de alt\u00edsimo nivel. <\/p>\n\n\n\n<p>Franco y Gast\u00f3n Lescano, quienes iniciaron su camino con la m\u00fasica desde el 2018, ya alcanzaron varios medios nacionales como un programa para MTV, Quiero M\u00fasica TV, y Am\u00e9rica TV, en lo que significa que hubo un crecimiento gracias a tanto esfuerzo y dedicaci\u00f3n de manera independiente. <\/p>\n\n\n\n<figure class=\"wp-block-image size-large is-resized\"><a href=\"https:\/\/i0.wp.com\/elterritorialweb.com.ar\/web\/wp-content\/uploads\/2022\/02\/IMG-20220209-WA0019.jpg\"><img data-recalc-dims=\"1\" decoding=\"async\" data-src=\"https:\/\/i0.wp.com\/elterritorialweb.com.ar\/web\/wp-content\/uploads\/2022\/02\/IMG-20220209-WA0019.jpg?resize=640%2C854\" alt=\"\" class=\"wp-image-34672 lazyload\" width=\"640\" height=\"854\" data-srcset=\"https:\/\/i0.wp.com\/elterritorialweb.com.ar\/web\/wp-content\/uploads\/2022\/02\/IMG-20220209-WA0019.jpg?resize=768%2C1024&amp;ssl=1 768w, https:\/\/i0.wp.com\/elterritorialweb.com.ar\/web\/wp-content\/uploads\/2022\/02\/IMG-20220209-WA0019.jpg?resize=225%2C300&amp;ssl=1 225w, https:\/\/i0.wp.com\/elterritorialweb.com.ar\/web\/wp-content\/uploads\/2022\/02\/IMG-20220209-WA0019.jpg?resize=1152%2C1536&amp;ssl=1 1152w, https:\/\/i0.wp.com\/elterritorialweb.com.ar\/web\/wp-content\/uploads\/2022\/02\/IMG-20220209-WA0019.jpg?resize=1024%2C1365&amp;ssl=1 1024w, https:\/\/i0.wp.com\/elterritorialweb.com.ar\/web\/wp-content\/uploads\/2022\/02\/IMG-20220209-WA0019.jpg?w=1200&amp;ssl=1 1200w\" data-sizes=\"(max-width: 640px) 100vw, 640px\" src=\"data:image\/svg+xml;base64,PHN2ZyB3aWR0aD0iMSIgaGVpZ2h0PSIxIiB4bWxucz0iaHR0cDovL3d3dy53My5vcmcvMjAwMC9zdmciPjwvc3ZnPg==\" style=\"--smush-placeholder-width: 640px; --smush-placeholder-aspect-ratio: 640\/854;\" \/><\/a><\/figure>\n\n\n\n<p>Los artistas desean que en la provincia haya m\u00e1s apertura a las nuevas propuestas juveniles como ser el rock, tango, blues, jazz, pop, pop urbano etc, y que no siempre deba girar al ritmo chacarera o guaracha. <\/p>\n\n\n\n<p>Estos j\u00f3venes representantes de la m\u00fasica de Santiago, de otra generaci\u00f3n, no bajan los brazos y siguen apostando a sus propias producciones, buscando emular a un grande como lo es Leo Dan, quien con sus canciones mel\u00f3dicas se fue a Baires y luego a M\u00e9xico para triunfar y recibir su reconocimiento internacional. <\/p>\n\n\n\n<p>Franco y Gast\u00f3n Lescano est\u00e1n convencidos de que su nueva tema M\u00e1s Grande, ser\u00e1 un hit y espera que la gente lo recepcione de la mejor manera y que pueda sonar en todos lados. <\/p>\n\n\n\n<p>Finalmente Franco y Gast\u00f3n confirmaron que recibieron una invitaci\u00f3n para cantar en vivo en la TV Nacional en Buenos Aires pronto. <\/p>\n\n\n\n<figure class=\"wp-block-embed is-type-video is-provider-youtube wp-block-embed-youtube wp-embed-aspect-16-9 wp-has-aspect-ratio\"><div class=\"wp-block-embed__wrapper\">\n<iframe title=\"Franco Lescano\" width=\"640\" height=\"360\" data-src=\"https:\/\/www.youtube.com\/embed\/_iSNS0XDDlg?feature=oembed\" frameborder=\"0\" allow=\"accelerometer; autoplay; clipboard-write; encrypted-media; gyroscope; picture-in-picture; web-share\" referrerpolicy=\"strict-origin-when-cross-origin\" allowfullscreen src=\"data:image\/svg+xml;base64,PHN2ZyB3aWR0aD0iMSIgaGVpZ2h0PSIxIiB4bWxucz0iaHR0cDovL3d3dy53My5vcmcvMjAwMC9zdmciPjwvc3ZnPg==\" class=\"lazyload\" data-load-mode=\"1\"><\/iframe>\n<\/div><\/figure>\n\n\n\n<p>Tambi\u00e9n los artistas del pop urbano indicaron que hay muchas posibilidades de cantar en el Festival del artesano en Marzo de Ojo de Agua, en los Carnavales de Ol\u00edmpico y en otros eventos privados. <\/p>\n\n\n\n<p>Agradecieron a sus seguidores e invitan a la gente que a\u00fan no conoce de su m\u00fasica a que los sigan en las redes en YouTube y Spotify como Franco Lescano, y en instagram como Francolescanoo y gasti_lescano.<\/p>\n","protected":false},"excerpt":{"rendered":"<p>El cantautor lanzar\u00e1 este jueves 10  a las 19 su nueva canci\u00f3n. <\/p>\n","protected":false},"author":2,"featured_media":34671,"comment_status":"open","ping_status":"open","sticky":false,"template":"","format":"standard","meta":{"om_disable_all_campaigns":false,"_monsterinsights_skip_tracking":false,"_monsterinsights_sitenote_active":false,"_monsterinsights_sitenote_note":"","_monsterinsights_sitenote_category":0,"_uf_show_specific_survey":0,"_uf_disable_surveys":false,"jetpack_post_was_ever_published":false,"_jetpack_newsletter_access":"","_jetpack_dont_email_post_to_subs":false,"_jetpack_newsletter_tier_id":0,"_jetpack_memberships_contains_paywalled_content":false,"_jetpack_memberships_contains_paid_content":false,"footnotes":"","jetpack_publicize_message":"","jetpack_publicize_feature_enabled":true,"jetpack_social_post_already_shared":false,"jetpack_social_options":{"image_generator_settings":{"template":"highway","default_image_id":0,"font":"","enabled":false},"version":2}},"categories":[20],"tags":[],"class_list":["post-34670","post","type-post","status-publish","format-standard","has-post-thumbnail","hentry","category-especysociales"],"aioseo_notices":[],"views":21,"jetpack_publicize_connections":[],"jetpack_featured_media_url":"https:\/\/i0.wp.com\/elterritorialweb.com.ar\/web\/wp-content\/uploads\/2022\/02\/IMG-20220209-WA0022.jpg?fit=720%2C978&ssl=1","jetpack_sharing_enabled":true,"_links":{"self":[{"href":"https:\/\/elterritorialweb.com.ar\/web\/wp-json\/wp\/v2\/posts\/34670","targetHints":{"allow":["GET"]}}],"collection":[{"href":"https:\/\/elterritorialweb.com.ar\/web\/wp-json\/wp\/v2\/posts"}],"about":[{"href":"https:\/\/elterritorialweb.com.ar\/web\/wp-json\/wp\/v2\/types\/post"}],"author":[{"embeddable":true,"href":"https:\/\/elterritorialweb.com.ar\/web\/wp-json\/wp\/v2\/users\/2"}],"replies":[{"embeddable":true,"href":"https:\/\/elterritorialweb.com.ar\/web\/wp-json\/wp\/v2\/comments?post=34670"}],"version-history":[{"count":3,"href":"https:\/\/elterritorialweb.com.ar\/web\/wp-json\/wp\/v2\/posts\/34670\/revisions"}],"predecessor-version":[{"id":34696,"href":"https:\/\/elterritorialweb.com.ar\/web\/wp-json\/wp\/v2\/posts\/34670\/revisions\/34696"}],"wp:featuredmedia":[{"embeddable":true,"href":"https:\/\/elterritorialweb.com.ar\/web\/wp-json\/wp\/v2\/media\/34671"}],"wp:attachment":[{"href":"https:\/\/elterritorialweb.com.ar\/web\/wp-json\/wp\/v2\/media?parent=34670"}],"wp:term":[{"taxonomy":"category","embeddable":true,"href":"https:\/\/elterritorialweb.com.ar\/web\/wp-json\/wp\/v2\/categories?post=34670"},{"taxonomy":"post_tag","embeddable":true,"href":"https:\/\/elterritorialweb.com.ar\/web\/wp-json\/wp\/v2\/tags?post=34670"}],"curies":[{"name":"wp","href":"https:\/\/api.w.org\/{rel}","templated":true}]}}