{"id":34674,"date":"2022-02-10T00:03:34","date_gmt":"2022-02-10T00:03:34","guid":{"rendered":"http:\/\/elterritorialweb.com.ar\/web\/?p=34674"},"modified":"2022-02-10T00:03:45","modified_gmt":"2022-02-10T00:03:45","slug":"el-secretario-de-ciencia-y-tecnologia-provincial-mantuvo-una-reunion-con-el-ministro-filmus","status":"publish","type":"post","link":"https:\/\/elterritorialweb.com.ar\/web\/el-secretario-de-ciencia-y-tecnologia-provincial-mantuvo-una-reunion-con-el-ministro-filmus\/","title":{"rendered":"EL SECRETARIO DE CIENCIA Y TECNOLOG\u00cdA PROVINCIAL MANTUVO UNA REUNI\u00d3N CON EL MINISTRO FILMUS"},"content":{"rendered":"\n<p>El secretario de Ciencia y Tecnolog\u00eda y Vicepresidente del COFECyT, Ing. Adri\u00e1n Suarez, mantuvo una reuni\u00f3n en las instalaciones del Polo Cient\u00edfico Tecnol\u00f3gico (CABA) con el ministro de Ciencia, Tecnolog\u00eda e Innovaci\u00f3n Productiva de la Naci\u00f3n Lic. Daniel Filmus, para definir la implementaci\u00f3n de los Proyectos Federales de Innovaci\u00f3n Productiva a nivel nacional, en el marco de la nueva ley de Ciencia y Tecnolog\u00eda con una convocatoria estimada de 100 millones de pesos para Santiago del Estero.<br>Los \u201cProyectos Federales de Innovaci\u00f3n\u201d buscan dar soluci\u00f3n a problemas sociales, productivos y ambientales concretos, de alcance municipal, provincial y regional, a trav\u00e9s de proyectos de generaci\u00f3n y transferencia del conocimiento cient\u00edfico-tecnol\u00f3gico, presentados por actores del sector p\u00fablico y privado.<br>Tambi\u00e9n el ministro Filmus se interioriz\u00f3 sobre la ampliaci\u00f3n del Nodo Tecnol\u00f3gico que potenciar\u00e1 las capacidades de generaci\u00f3n y radicaci\u00f3n de empresas de base tecnol\u00f3gica, centros de innovaci\u00f3n e investigaci\u00f3n, industrias creativas y todo tipo de desarrollo vinculado a la econom\u00eda del conocimiento; autorizando el avance de un Proyecto Ejecutivo para la primera etapa de su construcci\u00f3n.<br>El Ing. Suarez tambi\u00e9n mantuvo una reuni\u00f3n con la presidenta del CONICET, Dra. Ana Franchi, en donde se dieron sendos avances para la posible conformaci\u00f3n del Instituto de Triple dependencia en alianza con la UNSE, para generar innovaci\u00f3n y conocimiento en el \u00e1rea de energ\u00eda geot\u00e9rmica, lo que significar\u00eda el primero en el pa\u00eds de esta tem\u00e1tica y un gran avance en esta materia.<\/p>\n","protected":false},"excerpt":{"rendered":"<p>En el marco de la nueva ley de Ciencia y Tecnolog\u00eda con una convocatoria estimada de 100 millones de pesos para Santiago del Estero.<\/p>\n","protected":false},"author":2,"featured_media":34682,"comment_status":"open","ping_status":"open","sticky":false,"template":"","format":"standard","meta":{"om_disable_all_campaigns":false,"_monsterinsights_skip_tracking":false,"_monsterinsights_sitenote_active":false,"_monsterinsights_sitenote_note":"","_monsterinsights_sitenote_category":0,"_uf_show_specific_survey":0,"_uf_disable_surveys":false,"jetpack_post_was_ever_published":false,"_jetpack_newsletter_access":"","_jetpack_dont_email_post_to_subs":false,"_jetpack_newsletter_tier_id":0,"_jetpack_memberships_contains_paywalled_content":false,"_jetpack_memberships_contains_paid_content":false,"footnotes":"","jetpack_publicize_message":"","jetpack_publicize_feature_enabled":true,"jetpack_social_post_already_shared":false,"jetpack_social_options":{"image_generator_settings":{"template":"highway","default_image_id":0,"font":"","enabled":false},"version":2}},"categories":[21],"tags":[],"class_list":["post-34674","post","type-post","status-publish","format-standard","has-post-thumbnail","hentry","category-locales"],"aioseo_notices":[],"views":6,"jetpack_publicize_connections":[],"jetpack_featured_media_url":"https:\/\/i0.wp.com\/elterritorialweb.com.ar\/web\/wp-content\/uploads\/2022\/02\/secretario.jpg?fit=1113%2C1059&ssl=1","jetpack_sharing_enabled":true,"_links":{"self":[{"href":"https:\/\/elterritorialweb.com.ar\/web\/wp-json\/wp\/v2\/posts\/34674","targetHints":{"allow":["GET"]}}],"collection":[{"href":"https:\/\/elterritorialweb.com.ar\/web\/wp-json\/wp\/v2\/posts"}],"about":[{"href":"https:\/\/elterritorialweb.com.ar\/web\/wp-json\/wp\/v2\/types\/post"}],"author":[{"embeddable":true,"href":"https:\/\/elterritorialweb.com.ar\/web\/wp-json\/wp\/v2\/users\/2"}],"replies":[{"embeddable":true,"href":"https:\/\/elterritorialweb.com.ar\/web\/wp-json\/wp\/v2\/comments?post=34674"}],"version-history":[{"count":1,"href":"https:\/\/elterritorialweb.com.ar\/web\/wp-json\/wp\/v2\/posts\/34674\/revisions"}],"predecessor-version":[{"id":34683,"href":"https:\/\/elterritorialweb.com.ar\/web\/wp-json\/wp\/v2\/posts\/34674\/revisions\/34683"}],"wp:featuredmedia":[{"embeddable":true,"href":"https:\/\/elterritorialweb.com.ar\/web\/wp-json\/wp\/v2\/media\/34682"}],"wp:attachment":[{"href":"https:\/\/elterritorialweb.com.ar\/web\/wp-json\/wp\/v2\/media?parent=34674"}],"wp:term":[{"taxonomy":"category","embeddable":true,"href":"https:\/\/elterritorialweb.com.ar\/web\/wp-json\/wp\/v2\/categories?post=34674"},{"taxonomy":"post_tag","embeddable":true,"href":"https:\/\/elterritorialweb.com.ar\/web\/wp-json\/wp\/v2\/tags?post=34674"}],"curies":[{"name":"wp","href":"https:\/\/api.w.org\/{rel}","templated":true}]}}