{"id":34675,"date":"2022-02-09T23:32:34","date_gmt":"2022-02-09T23:32:34","guid":{"rendered":"http:\/\/elterritorialweb.com.ar\/web\/?p=34675"},"modified":"2022-02-09T23:32:34","modified_gmt":"2022-02-09T23:32:34","slug":"los-dias-4-y-5-de-marzo-se-realizara-la-26-edicion-del-festival-nacional-del-artesano","status":"publish","type":"post","link":"https:\/\/elterritorialweb.com.ar\/web\/los-dias-4-y-5-de-marzo-se-realizara-la-26-edicion-del-festival-nacional-del-artesano\/","title":{"rendered":"LOS D\u00cdAS 4 Y 5 DE MARZO, SE REALIZAR\u00c1 LA 26\u00b0 EDICI\u00d3N DEL FESTIVAL NACIONAL DEL ARTESANO"},"content":{"rendered":"\n<p>El d\u00eda viernes ser\u00e1 la gran noche en que vuelve al festival una de las voces m\u00e1s reconocidas del pa\u00eds <strong>Abel Pintos<\/strong>, compartiendo noche junto a <strong>la Konga<\/strong>, que har\u00e1 vibrar a todos los asistentes con la energ\u00eda de sus \u00e9xitos. Tambi\u00e9n formar\u00e1n parte de la grilla <strong>Dany Hoyos <\/strong>y <strong>los palmare\u00f1os<\/strong>. En tanto que el d\u00eda s\u00e1bado el rock nacional invade el escenario, <strong>la Beriso<\/strong> en vivo y todos sus cl\u00e1sicos, donde tambi\u00e9n podr\u00e1n disfrutar de la m\u00fasica de <strong>N\u00e9stor Garnica<\/strong> y <strong>Fabricio Rodr\u00edguez<\/strong>.<\/p>\n\n\n\n<figure class=\"wp-block-image size-full\"><a href=\"https:\/\/i0.wp.com\/elterritorialweb.com.ar\/web\/wp-content\/uploads\/2022\/02\/la-beriso.jpg\"><img data-recalc-dims=\"1\" decoding=\"async\" width=\"640\" height=\"427\" data-src=\"https:\/\/i0.wp.com\/elterritorialweb.com.ar\/web\/wp-content\/uploads\/2022\/02\/la-beriso.jpg?resize=640%2C427\" alt=\"\" class=\"wp-image-34676 lazyload\" data-srcset=\"https:\/\/i0.wp.com\/elterritorialweb.com.ar\/web\/wp-content\/uploads\/2022\/02\/la-beriso.jpg?w=1023&amp;ssl=1 1023w, https:\/\/i0.wp.com\/elterritorialweb.com.ar\/web\/wp-content\/uploads\/2022\/02\/la-beriso.jpg?resize=300%2C200&amp;ssl=1 300w, https:\/\/i0.wp.com\/elterritorialweb.com.ar\/web\/wp-content\/uploads\/2022\/02\/la-beriso.jpg?resize=768%2C512&amp;ssl=1 768w\" data-sizes=\"(max-width: 640px) 100vw, 640px\" src=\"data:image\/svg+xml;base64,PHN2ZyB3aWR0aD0iMSIgaGVpZ2h0PSIxIiB4bWxucz0iaHR0cDovL3d3dy53My5vcmcvMjAwMC9zdmciPjwvc3ZnPg==\" style=\"--smush-placeholder-width: 640px; --smush-placeholder-aspect-ratio: 640\/427;\" \/><\/a><\/figure>\n\n\n\n<p>La cita es como todos los a\u00f1os en Villa Ojo de Agua, Santiago del Estero, donde miles de personas se convocan para disfrutar el espect\u00e1culo musical, junto a una gran propuesta gastron\u00f3mica regional t\u00edpica. La ciudad es reconocida nacionalmente por ser la \u00abCiudad de las artesan\u00edas\u00bb por lo que all\u00ed tambi\u00e9n se podr\u00e1n adquirir verdaderos productos artesanales.<\/p>\n\n\n\n<p>Todo organizado en un predio de gran envergadura para que el p\u00fablico pueda disfrutar de una fiesta \u00fanica.<\/p>\n","protected":false},"excerpt":{"rendered":"<p>La grilla de este a\u00f1o incluye varios artistas artistas importantes de distintos g\u00e9neros y algunos de los m\u00e1s convocantes de nuestro pa\u00eds.<\/p>\n","protected":false},"author":2,"featured_media":10737,"comment_status":"open","ping_status":"open","sticky":false,"template":"","format":"standard","meta":{"om_disable_all_campaigns":false,"_monsterinsights_skip_tracking":false,"_monsterinsights_sitenote_active":false,"_monsterinsights_sitenote_note":"","_monsterinsights_sitenote_category":0,"_uf_show_specific_survey":0,"_uf_disable_surveys":false,"jetpack_post_was_ever_published":false,"_jetpack_newsletter_access":"","_jetpack_dont_email_post_to_subs":false,"_jetpack_newsletter_tier_id":0,"_jetpack_memberships_contains_paywalled_content":false,"_jetpack_memberships_contains_paid_content":false,"footnotes":"","jetpack_publicize_message":"","jetpack_publicize_feature_enabled":true,"jetpack_social_post_already_shared":false,"jetpack_social_options":{"image_generator_settings":{"template":"highway","default_image_id":0,"font":"","enabled":false},"version":2}},"categories":[20],"tags":[],"class_list":["post-34675","post","type-post","status-publish","format-standard","has-post-thumbnail","hentry","category-especysociales"],"aioseo_notices":[],"views":13,"jetpack_publicize_connections":[],"jetpack_featured_media_url":"https:\/\/i0.wp.com\/elterritorialweb.com.ar\/web\/wp-content\/uploads\/2020\/09\/ABEL-PINTO.jpg?fit=680%2C384&ssl=1","jetpack_sharing_enabled":true,"_links":{"self":[{"href":"https:\/\/elterritorialweb.com.ar\/web\/wp-json\/wp\/v2\/posts\/34675","targetHints":{"allow":["GET"]}}],"collection":[{"href":"https:\/\/elterritorialweb.com.ar\/web\/wp-json\/wp\/v2\/posts"}],"about":[{"href":"https:\/\/elterritorialweb.com.ar\/web\/wp-json\/wp\/v2\/types\/post"}],"author":[{"embeddable":true,"href":"https:\/\/elterritorialweb.com.ar\/web\/wp-json\/wp\/v2\/users\/2"}],"replies":[{"embeddable":true,"href":"https:\/\/elterritorialweb.com.ar\/web\/wp-json\/wp\/v2\/comments?post=34675"}],"version-history":[{"count":1,"href":"https:\/\/elterritorialweb.com.ar\/web\/wp-json\/wp\/v2\/posts\/34675\/revisions"}],"predecessor-version":[{"id":34677,"href":"https:\/\/elterritorialweb.com.ar\/web\/wp-json\/wp\/v2\/posts\/34675\/revisions\/34677"}],"wp:featuredmedia":[{"embeddable":true,"href":"https:\/\/elterritorialweb.com.ar\/web\/wp-json\/wp\/v2\/media\/10737"}],"wp:attachment":[{"href":"https:\/\/elterritorialweb.com.ar\/web\/wp-json\/wp\/v2\/media?parent=34675"}],"wp:term":[{"taxonomy":"category","embeddable":true,"href":"https:\/\/elterritorialweb.com.ar\/web\/wp-json\/wp\/v2\/categories?post=34675"},{"taxonomy":"post_tag","embeddable":true,"href":"https:\/\/elterritorialweb.com.ar\/web\/wp-json\/wp\/v2\/tags?post=34675"}],"curies":[{"name":"wp","href":"https:\/\/api.w.org\/{rel}","templated":true}]}}