{"id":34694,"date":"2022-02-10T01:40:12","date_gmt":"2022-02-10T01:40:12","guid":{"rendered":"http:\/\/elterritorialweb.com.ar\/web\/?p=34694"},"modified":"2022-02-10T01:40:13","modified_gmt":"2022-02-10T01:40:13","slug":"en-su-regreso-del-potro-perdio-con-delbonis-y-lo-ovacionaron","status":"publish","type":"post","link":"https:\/\/elterritorialweb.com.ar\/web\/en-su-regreso-del-potro-perdio-con-delbonis-y-lo-ovacionaron\/","title":{"rendered":"EN SU REGRESO, DEL POTRO PERDI\u00d3 CON DELBONIS Y LO OVACIONARON"},"content":{"rendered":"\n<p><strong>Juan Mart\u00edn Del Potro protagoniz\u00f3 un regreso de pel\u00edcula sin final feliz al circuito despu\u00e9s de dos a\u00f1os y medio parado y con cuatro cirug\u00edas a cuestas<\/strong>, con el Argentina Open como excusa y un partido ante Federico Delbonis en el que gener\u00f3 una atm\u00f3sfera \u00fanica que s\u00f3lo \u00e9l puede lograr en el tenis argentino. El tandilense cay\u00f3 6-1 y 6-3 en la primera ronda del certamen, en una noche plagada de emociones, m\u00e1s all\u00e1 del resultado.<\/p>\n\n\n\n<p>La presencia del h\u00e9roe de la Copa Davis, del fen\u00f3meno que le discuti\u00f3 la hegemon\u00eda a los gigantes de esta \u00e9poca, Federer, Nadal y Djokovic, comenz\u00f3 a respirarse desde temprano en los alrededores del estadio, con much\u00edsima gente yendo y viniendo, el tr\u00e1nsito vehicular complicado y la irrupci\u00f3n de los \u00abtrapitos\u00bb por primera vez en mucho tiempo.<\/p>\n\n\n\n<p>El anuncio de su posible retiro, un momento que sus fan\u00e1ticos ve\u00edan venir pero que no dej\u00f3 de sorprender, fue el detonante que motiv\u00f3 que se agotaran las entradas para el martes tres d\u00edas antes, algo que no se lograba desde la \u00e9poca de &#8216;La Legi\u00f3n&#8217;.<\/p>\n\n\n\n<p><strong>\u00abLo di todo. Tal vez hoy son esos d\u00edas que no quer\u00eda que llegaran nunca, pero tambi\u00e9n que voy a recordar toda mi vida. Todav\u00eda no encontr\u00e9 un lugar donde sea m\u00e1s feliz que ac\u00e1 adentro\u00bb<\/strong>, expres\u00f3 Del Potro tras finalizar el partido.\u00a0<\/p>\n\n\n\n<p>Sus presencias en el circuito cada vez m\u00e1s espor\u00e1dicas aumentaron la ansiedad del p\u00fablico que adem\u00e1s no lo disfrutaba en Buenos Aires desde 2006, cuando era un pibito de 17 a\u00f1os que promet\u00eda, lejos de las haza\u00f1as que lograr\u00eda despu\u00e9s.<\/p>\n\n\n\n<p><strong>Por eso se acercaron a verlo desde Gabriela Sabatini hasta otros destacados del deporte como Sergio \u00abOveja\u00bb Hern\u00e1ndez, el ex DT del seleccionado de b\u00e1squetbol, con su pareja la ex Leona, Noel Barrionuevo. Tambi\u00e9n desde el f\u00fatbol estuvieron Enzo P\u00e9rez y Hern\u00e1n Crespo. La presencia \u00abXeneize\u00bb para un fan\u00e1tico de Boca como \u00abDelpo\u00bb no falt\u00f3 en el estadio porte\u00f1o, con Sebasti\u00e1n Battaglia, a la cabeza junto a su ayudante de campo, Juan Kuproviesa. Tampoco falt\u00f3 Rolando Schiavi, amigo personal del tandilense<\/strong>.<\/p>\n\n\n\n<p>En su salida a la cancha tron\u00f3 el \u00abDelpo, Delpo\u00bb y tambi\u00e9n otro cl\u00e1sico: \u00abY pegue Delpo, pegue\u00bb, seguido de una estruendosa ovaci\u00f3n, posiblemente la \u00faltima si cumple lo que anunci\u00f3 respecto que -despu\u00e9s de R\u00edo de Janeiro- le dir\u00e1 adi\u00f3s al tenis.<\/p>\n\n\n\n<p>Del Potro, el de la derecha temible y el coraz\u00f3n enorme, el \u00faltimo gran \u00eddolo del tenis celeste y blanco, levant\u00f3 varias veces sus brazos para saludar a los hinchas que agotaron todas las entradas, desde las generales a 1.500 hasta las preferenciales -VIP-, que superaban los 20 mil pesos cada una. Es que nadie se quer\u00eda perder su regreso.<\/p>\n\n\n\n<p>No falt\u00f3, cuando era claramente dominado por Delbonis, el pedido ocurrente de un fan\u00e1tico al tenista de Azul: \u00abFede ya nos diste la alegr\u00eda m\u00e1s grande de la historia, danos otra y perd\u00e9 esta noche por favor\u00bb, le implor\u00f3.<\/p>\n\n\n\n<p>La \u00abTorre de Tandil\u00bb lo logr\u00f3, volvi\u00f3 a jugar al tenis y revolucion\u00f3 el ATP porte\u00f1o. Primero en un d\u00eda habitualmente tranquilo como un lunes, cuando convoc\u00f3 m\u00e1s gente durante la hora que le dedic\u00f3 a entrenarse que la que hab\u00eda en la cancha central, y luego con este martes inolvidable.<\/p>\n\n\n\n<p>Suele decirse siempre que un deportista profesional muere dos veces, la primera cuando se retira, cuando le pone fin a su carrera, y &#8216;Delpo&#8217; est\u00e1 en esa etapa dif\u00edcil en que una decisi\u00f3n que probablemente se acelere en las pr\u00f3ximas semanas, a no ser que ocurra un milagro y encuentre soluci\u00f3n a la lesi\u00f3n que lo persigue en la r\u00f3tula derecha.<\/p>\n\n\n\n<p>\u00abTomala vos, damela a mi, volvi\u00f3 la Torre de Tandil\u00bb fue la canci\u00f3n que m\u00e1s entonaron sus fan\u00e1ticos cuando la derrota era irreversible, como s\u00edmbolo de una noche de reencuentro con el \u00eddolo.<\/p>\n","protected":false},"excerpt":{"rendered":"<p>El tandilense volvi\u00f3 al circuito luego de 965 d\u00edas en la primera ronda del Argentina Open, aunque no pudo conseguir un triunfo y cay\u00f3 ante el azule\u00f1o por 6-1 y 6-3. \u00abLo di todo\u00bb, dijo tras finalizar el partido en el court central del Buenos Aires Lawn Tennis, dando a entender que su retiro est\u00e1 muy cerca.<\/p>\n","protected":false},"author":2,"featured_media":34697,"comment_status":"open","ping_status":"open","sticky":false,"template":"","format":"standard","meta":{"om_disable_all_campaigns":false,"_monsterinsights_skip_tracking":false,"_monsterinsights_sitenote_active":false,"_monsterinsights_sitenote_note":"","_monsterinsights_sitenote_category":0,"_uf_show_specific_survey":0,"_uf_disable_surveys":false,"jetpack_post_was_ever_published":false,"_jetpack_newsletter_access":"","_jetpack_dont_email_post_to_subs":false,"_jetpack_newsletter_tier_id":0,"_jetpack_memberships_contains_paywalled_content":false,"_jetpack_memberships_contains_paid_content":false,"footnotes":"","jetpack_publicize_message":"","jetpack_publicize_feature_enabled":true,"jetpack_social_post_already_shared":false,"jetpack_social_options":{"image_generator_settings":{"template":"highway","default_image_id":0,"font":"","enabled":false},"version":2}},"categories":[1],"tags":[],"class_list":["post-34694","post","type-post","status-publish","format-standard","has-post-thumbnail","hentry","category-sin-categoria"],"aioseo_notices":[],"views":4,"jetpack_publicize_connections":[],"jetpack_featured_media_url":"https:\/\/i0.wp.com\/elterritorialweb.com.ar\/web\/wp-content\/uploads\/2022\/02\/DEL-POTRO.jpg?fit=608%2C342&ssl=1","jetpack_sharing_enabled":true,"_links":{"self":[{"href":"https:\/\/elterritorialweb.com.ar\/web\/wp-json\/wp\/v2\/posts\/34694","targetHints":{"allow":["GET"]}}],"collection":[{"href":"https:\/\/elterritorialweb.com.ar\/web\/wp-json\/wp\/v2\/posts"}],"about":[{"href":"https:\/\/elterritorialweb.com.ar\/web\/wp-json\/wp\/v2\/types\/post"}],"author":[{"embeddable":true,"href":"https:\/\/elterritorialweb.com.ar\/web\/wp-json\/wp\/v2\/users\/2"}],"replies":[{"embeddable":true,"href":"https:\/\/elterritorialweb.com.ar\/web\/wp-json\/wp\/v2\/comments?post=34694"}],"version-history":[{"count":1,"href":"https:\/\/elterritorialweb.com.ar\/web\/wp-json\/wp\/v2\/posts\/34694\/revisions"}],"predecessor-version":[{"id":34698,"href":"https:\/\/elterritorialweb.com.ar\/web\/wp-json\/wp\/v2\/posts\/34694\/revisions\/34698"}],"wp:featuredmedia":[{"embeddable":true,"href":"https:\/\/elterritorialweb.com.ar\/web\/wp-json\/wp\/v2\/media\/34697"}],"wp:attachment":[{"href":"https:\/\/elterritorialweb.com.ar\/web\/wp-json\/wp\/v2\/media?parent=34694"}],"wp:term":[{"taxonomy":"category","embeddable":true,"href":"https:\/\/elterritorialweb.com.ar\/web\/wp-json\/wp\/v2\/categories?post=34694"},{"taxonomy":"post_tag","embeddable":true,"href":"https:\/\/elterritorialweb.com.ar\/web\/wp-json\/wp\/v2\/tags?post=34694"}],"curies":[{"name":"wp","href":"https:\/\/api.w.org\/{rel}","templated":true}]}}