{"id":34699,"date":"2022-02-10T01:49:11","date_gmt":"2022-02-10T01:49:11","guid":{"rendered":"http:\/\/elterritorialweb.com.ar\/web\/?p=34699"},"modified":"2022-02-10T01:49:11","modified_gmt":"2022-02-10T01:49:11","slug":"se-registraron-27-252-nuevos-casos-de-coronavirus-en-argentina","status":"publish","type":"post","link":"https:\/\/elterritorialweb.com.ar\/web\/se-registraron-27-252-nuevos-casos-de-coronavirus-en-argentina\/","title":{"rendered":"SE REGISTRARON 27.252 NUEVOS CASOS DE CORONAVIRUS EN ARGENTINA"},"content":{"rendered":"\n<p>Otras 218 personas murieron y 27.252 fueron reportadas con coronavirus en las \u00faltimas 24 horas en la Argentina, con lo que suman 123.444 los fallecidos registrados oficialmente a nivel nacional y 8.675.327 los contagiados desde el inicio de la pandemia, inform\u00f3 el Ministerio de Salud.<\/p>\n\n\n\n<p>La cartera sanitaria indic\u00f3 que son 2.428 los internados con coronavirus en unidades de terapia intensiva, con un porcentaje de ocupaci\u00f3n de camas de adultos en el sector p\u00fablico y privado, para todas las patolog\u00edas, de 47,5% en el pa\u00eds y de 44,6% en el \u00c1rea Metropolitana de Buenos Aires.<\/p>\n\n\n\n<p>De acuerdo al Monitor P\u00fablico de Vacunaci\u00f3n, el total de dosis aplicadas asciende a 89.760.751, de los cuales 39.914.847 recibieron una dosis, 35.497.095 las dos, 3.040.106 una adicional y 11.308.703 una de refuerzo, mientras que las vacunas distribuidas a las jurisdicciones llegan a 97.622.709 y las donadas a 5.083.000.<\/p>\n\n\n\n<p>De los 8.675.327 contagiados, 8.282.532 recibieron el alta y 269.351 son casos confirmados activos.<\/p>\n\n\n\n<h3 class=\"wp-block-heading\" id=\"los-fallecidos-por-distrito\">Los fallecidos, por distrito<\/h3>\n\n\n\n<p>El parte precis\u00f3 que murieron 119 hombres, 36 en Buenos Aires, 10 en la Ciudad de Buenos Aires, 8 en Catamarca, 8 en Chaco, 3 en Chubut, 5 en Corrientes, 5 en C\u00f3rdoba, 1 en Entre R\u00edos, 3 en Jujuy, 6 en La Pampa, 8 en Mendoza, 3 en Misiones, 3 en Neuqu\u00e9n, 2 en R\u00edo Negro, 5 en Salta, 1 en San Juan, 2 en San Luis, 2 en Santa Cruz, 6 en Santa Fe, y 2 en Tucum\u00e1n.<\/p>\n\n\n\n<p>Tambi\u00e9n fallecieron 97 mujeres: 36 en Buenos Aires, 5 en la Ciudad de Buenos Aires, 8 en Catamarca, 3 en Chaco, 2 en Chubut, 1 en Corrientes, 3 en C\u00f3rdoba, 3 en Entre R\u00edos, 4 en La Pampa, 5 en Mendoza, 2 en Misiones, 3 en Neuqu\u00e9n, 2 en R\u00edo Negro, 6 en Salta, 2 en San Juan, 1 en San Luis, 1 en Santa Cruz, 9 en Santa Fe, y 1 en Tucum\u00e1n.<\/p>\n\n\n\n<p>En tanto, una persona que falleci\u00f3 en Chubut y otra en La Pampa fueron reportadas sin dato de sexo.<\/p>\n\n\n\n<h3 class=\"wp-block-heading\" id=\"los-contagios-por-distrito\">Los contagios, por distrito<\/h3>\n\n\n\n<p>Este mi\u00e9rcoles se registraron en la provincia de Buenos Aires 11.263 casos; en la Ciudad de Buenos Aires, 2.451; en Catamarca, 310; en Chaco, 436; en Chubut, 275; en Corrientes, 572; en C\u00f3rdoba, 3.839; en Entre R\u00edos, 557; en Formosa, 669; en Jujuy, 120; en La Pampa, 722; en La Rioja, 393; en Mendoza, 809; en Misiones, 301; en Neuqu\u00e9n, 314; en R\u00edo Negro, 407; en Salta, 240; en San Juan, 287; en San Luis, 144; en Santa Cruz, 201; en Santa Fe, 2.053; en Santiago del Estero, 62; en Tierra del Fuego, 136; y en Tucum\u00e1n, 691.<\/p>\n\n\n\n<p>El Ministerio indic\u00f3 adem\u00e1s que se realizaron en las \u00faltimas 24 horas 76.251 testeos y desde el inicio del brote ascienden a 33.247.684 las pruebas diagn\u00f3sticas para esta enfermedad.<\/p>\n\n\n\n<p>El total de acumulados por distrito indica para la provincia de Buenos Aires 3.380.125 casos; la Ciudad de Buenos Aires, 977.130; Catamarca, 84.192; Chaco, 162.606; Chubut, 112.975; Corrientes, 126.665; C\u00f3rdoba, 931.119; Entre R\u00edos, 194.447; Formosa, 106.239; Jujuy, 103.877; La Pampa, 101.805; La Rioja, 46.590; Mendoza, 264.087; Misiones, 51.315; Neuqu\u00e9n, 164.823; R\u00edo Negro, 142.646; Salta, 153.201; San Juan, 143.225; San Luis, 132.096; Santa Cruz, 85.592; Santa Fe, 716.034; Santiago del Estero, 123.958; Tierra del Fuego, 44.829; y Tucum\u00e1n, 325.721.<\/p>\n\n\n\n<p>Se incluyen casos existentes en las Islas Malvinas seg\u00fan informaci\u00f3n de prensa (debido a la ocupaci\u00f3n ilegal del Reino Unido, Gran Breta\u00f1a e Irlanda del Norte no es posible contar con informaci\u00f3n propia sobre el impacto de la Covid-19 en esa parte del territorio argentino).<\/p>\n","protected":false},"excerpt":{"rendered":"<p>Seg\u00fan las cifras que difundi\u00f3 el MInisterio de Salud, los fallecidos fueron 218 y hay  2.428 internados con coronavirus en unidades de terapia intensiva y una ocupaci\u00f3n del 47,5% en el pa\u00eds y de 44,6% en el \u00c1rea Metropolitana de Buenos Aires. <\/p>\n","protected":false},"author":2,"featured_media":34700,"comment_status":"open","ping_status":"open","sticky":false,"template":"","format":"standard","meta":{"om_disable_all_campaigns":false,"_monsterinsights_skip_tracking":false,"_monsterinsights_sitenote_active":false,"_monsterinsights_sitenote_note":"","_monsterinsights_sitenote_category":0,"_uf_show_specific_survey":0,"_uf_disable_surveys":false,"jetpack_post_was_ever_published":false,"_jetpack_newsletter_access":"","_jetpack_dont_email_post_to_subs":false,"_jetpack_newsletter_tier_id":0,"_jetpack_memberships_contains_paywalled_content":false,"_jetpack_memberships_contains_paid_content":false,"footnotes":"","jetpack_publicize_message":"","jetpack_publicize_feature_enabled":true,"jetpack_social_post_already_shared":false,"jetpack_social_options":{"image_generator_settings":{"template":"highway","default_image_id":0,"font":"","enabled":false},"version":2}},"categories":[3],"tags":[],"class_list":["post-34699","post","type-post","status-publish","format-standard","has-post-thumbnail","hentry","category-salud"],"aioseo_notices":[],"views":5,"jetpack_publicize_connections":[],"jetpack_featured_media_url":"https:\/\/i0.wp.com\/elterritorialweb.com.ar\/web\/wp-content\/uploads\/2022\/02\/NUEVOS-CASOS-9-DE-FEBRERO.jpg?fit=604%2C339&ssl=1","jetpack_sharing_enabled":true,"_links":{"self":[{"href":"https:\/\/elterritorialweb.com.ar\/web\/wp-json\/wp\/v2\/posts\/34699","targetHints":{"allow":["GET"]}}],"collection":[{"href":"https:\/\/elterritorialweb.com.ar\/web\/wp-json\/wp\/v2\/posts"}],"about":[{"href":"https:\/\/elterritorialweb.com.ar\/web\/wp-json\/wp\/v2\/types\/post"}],"author":[{"embeddable":true,"href":"https:\/\/elterritorialweb.com.ar\/web\/wp-json\/wp\/v2\/users\/2"}],"replies":[{"embeddable":true,"href":"https:\/\/elterritorialweb.com.ar\/web\/wp-json\/wp\/v2\/comments?post=34699"}],"version-history":[{"count":1,"href":"https:\/\/elterritorialweb.com.ar\/web\/wp-json\/wp\/v2\/posts\/34699\/revisions"}],"predecessor-version":[{"id":34701,"href":"https:\/\/elterritorialweb.com.ar\/web\/wp-json\/wp\/v2\/posts\/34699\/revisions\/34701"}],"wp:featuredmedia":[{"embeddable":true,"href":"https:\/\/elterritorialweb.com.ar\/web\/wp-json\/wp\/v2\/media\/34700"}],"wp:attachment":[{"href":"https:\/\/elterritorialweb.com.ar\/web\/wp-json\/wp\/v2\/media?parent=34699"}],"wp:term":[{"taxonomy":"category","embeddable":true,"href":"https:\/\/elterritorialweb.com.ar\/web\/wp-json\/wp\/v2\/categories?post=34699"},{"taxonomy":"post_tag","embeddable":true,"href":"https:\/\/elterritorialweb.com.ar\/web\/wp-json\/wp\/v2\/tags?post=34699"}],"curies":[{"name":"wp","href":"https:\/\/api.w.org\/{rel}","templated":true}]}}