{"id":34702,"date":"2022-02-10T01:52:18","date_gmt":"2022-02-10T01:52:18","guid":{"rendered":"http:\/\/elterritorialweb.com.ar\/web\/?p=34702"},"modified":"2022-02-10T01:52:19","modified_gmt":"2022-02-10T01:52:19","slug":"el-cepsi-habilito-ampliacion-de-la-sala-de-espera-de-consultorios-externos","status":"publish","type":"post","link":"https:\/\/elterritorialweb.com.ar\/web\/el-cepsi-habilito-ampliacion-de-la-sala-de-espera-de-consultorios-externos\/","title":{"rendered":"EL CEPSI HABILIT\u00d3 AMPLIACION DE LA SALA DE ESPERA DE CONSULTORIOS EXTERNOS"},"content":{"rendered":"\n<p>La pandemia de coronavirus exigi\u00f3 la reestructuraci\u00f3n de sectores edilicios de este centro salud por lo las autoridades del CePSI dispusieron la ampliaci\u00f3n de la sala de espera.<\/p>\n\n\n\n<p>La medida est\u00e1 pensada para que los pacientes y sus familias que asisten a la consulta ambulatoria puedan estar m\u00e1s c\u00f3modos y seguros mientras esperan ser atendidos<\/p>\n","protected":false},"excerpt":{"rendered":"<p>El Centro Provincial de Salud Infantil (CePSI)  habilit\u00f3 la ampliaci\u00f3n de la  sala de espera para pacientes que concurren a los consultorios externos para evitar la aglomeraci\u00f3n en los pasillos respetando el distanciamiento social.<\/p>\n","protected":false},"author":2,"featured_media":5730,"comment_status":"open","ping_status":"open","sticky":false,"template":"","format":"standard","meta":{"om_disable_all_campaigns":false,"_monsterinsights_skip_tracking":false,"_monsterinsights_sitenote_active":false,"_monsterinsights_sitenote_note":"","_monsterinsights_sitenote_category":0,"_uf_show_specific_survey":0,"_uf_disable_surveys":false,"jetpack_post_was_ever_published":false,"_jetpack_newsletter_access":"","_jetpack_dont_email_post_to_subs":false,"_jetpack_newsletter_tier_id":0,"_jetpack_memberships_contains_paywalled_content":false,"_jetpack_memberships_contains_paid_content":false,"footnotes":"","jetpack_publicize_message":"","jetpack_publicize_feature_enabled":true,"jetpack_social_post_already_shared":false,"jetpack_social_options":{"image_generator_settings":{"template":"highway","default_image_id":0,"font":"","enabled":false},"version":2}},"categories":[3],"tags":[],"class_list":["post-34702","post","type-post","status-publish","format-standard","has-post-thumbnail","hentry","category-salud"],"aioseo_notices":[],"views":9,"jetpack_publicize_connections":[],"jetpack_featured_media_url":"https:\/\/i0.wp.com\/elterritorialweb.com.ar\/web\/wp-content\/uploads\/2020\/05\/CEPSI.jpg?fit=300%2C168&ssl=1","jetpack_sharing_enabled":true,"_links":{"self":[{"href":"https:\/\/elterritorialweb.com.ar\/web\/wp-json\/wp\/v2\/posts\/34702","targetHints":{"allow":["GET"]}}],"collection":[{"href":"https:\/\/elterritorialweb.com.ar\/web\/wp-json\/wp\/v2\/posts"}],"about":[{"href":"https:\/\/elterritorialweb.com.ar\/web\/wp-json\/wp\/v2\/types\/post"}],"author":[{"embeddable":true,"href":"https:\/\/elterritorialweb.com.ar\/web\/wp-json\/wp\/v2\/users\/2"}],"replies":[{"embeddable":true,"href":"https:\/\/elterritorialweb.com.ar\/web\/wp-json\/wp\/v2\/comments?post=34702"}],"version-history":[{"count":1,"href":"https:\/\/elterritorialweb.com.ar\/web\/wp-json\/wp\/v2\/posts\/34702\/revisions"}],"predecessor-version":[{"id":34703,"href":"https:\/\/elterritorialweb.com.ar\/web\/wp-json\/wp\/v2\/posts\/34702\/revisions\/34703"}],"wp:featuredmedia":[{"embeddable":true,"href":"https:\/\/elterritorialweb.com.ar\/web\/wp-json\/wp\/v2\/media\/5730"}],"wp:attachment":[{"href":"https:\/\/elterritorialweb.com.ar\/web\/wp-json\/wp\/v2\/media?parent=34702"}],"wp:term":[{"taxonomy":"category","embeddable":true,"href":"https:\/\/elterritorialweb.com.ar\/web\/wp-json\/wp\/v2\/categories?post=34702"},{"taxonomy":"post_tag","embeddable":true,"href":"https:\/\/elterritorialweb.com.ar\/web\/wp-json\/wp\/v2\/tags?post=34702"}],"curies":[{"name":"wp","href":"https:\/\/api.w.org\/{rel}","templated":true}]}}