{"id":34704,"date":"2022-02-10T01:57:23","date_gmt":"2022-02-10T01:57:23","guid":{"rendered":"http:\/\/elterritorialweb.com.ar\/web\/?p=34704"},"modified":"2022-02-10T01:57:23","modified_gmt":"2022-02-10T01:57:23","slug":"cofesa-ministros-de-todo-el-pais-abordan-la-politica-de-salud-mental-con-perspectiva-federal","status":"publish","type":"post","link":"https:\/\/elterritorialweb.com.ar\/web\/cofesa-ministros-de-todo-el-pais-abordan-la-politica-de-salud-mental-con-perspectiva-federal\/","title":{"rendered":"COFESA: MINISTROS DE TODO EL PA\u00cdS ABORDAN LA POL\u00cdTICA DE SALUD MENTAL CON PERSPECTIVA FEDERAL"},"content":{"rendered":"\n<p>La reuni\u00f3n, de la que participan autoridades de los Ministerios de Salud de todo el pa\u00eds, abord\u00f3 como uno de sus temas principales de trabajo a la salud mental con perspectiva federal.<\/p>\n\n\n\n<p>En este marco, la ministra Nassif expuso ante sus pares, los avances que est\u00e1 realizando la provincia en esta materia y destac\u00f3 la pr\u00f3xima inauguraci\u00f3n del Centro Integral de Salud Mental, que forma parte del proceso de cambio y adecuaci\u00f3n a la Ley Nacional en Santiago del Estero. \u201cLa salud mental es un tema prioritario para la gesti\u00f3n y estamos abocados al fortalecimiento y la integraci\u00f3n de la red de servicios conformada tanto por el primer nivel de atenci\u00f3n, como por los hospitales de referencia\u201d, expres\u00f3 Nassif.<\/p>\n\n\n\n<p>Durante la reuni\u00f3n, tambi\u00e9n se abord\u00f3 la Pol\u00edtica Nacional de Medicamentos, el Proyecto de Ley de Salud P\u00fablica contemplado en las Sesiones Legislativas Extraordinarias y la Distribuci\u00f3n Federal de equipos de gen\u00f3mica. Por \u00faltimo, los ministros evaluaron la situaci\u00f3n epidemiol\u00f3gica y la marcha de la vacunaci\u00f3n contra COVID-19.<\/p>\n","protected":false},"excerpt":{"rendered":"<p>La ministra de Salud, Lic. Natividad Nassif, participa en la ciudad de Buenos Aires de una nueva sesi\u00f3n del Consejo Federal de Salud (COFESA), presidido por la Dra. Carla VIzzotti.<\/p>\n","protected":false},"author":2,"featured_media":34705,"comment_status":"open","ping_status":"open","sticky":false,"template":"","format":"standard","meta":{"om_disable_all_campaigns":false,"_monsterinsights_skip_tracking":false,"_monsterinsights_sitenote_active":false,"_monsterinsights_sitenote_note":"","_monsterinsights_sitenote_category":0,"_uf_show_specific_survey":0,"_uf_disable_surveys":false,"jetpack_post_was_ever_published":false,"_jetpack_newsletter_access":"","_jetpack_dont_email_post_to_subs":false,"_jetpack_newsletter_tier_id":0,"_jetpack_memberships_contains_paywalled_content":false,"_jetpack_memberships_contains_paid_content":false,"footnotes":"","jetpack_publicize_message":"","jetpack_publicize_feature_enabled":true,"jetpack_social_post_already_shared":false,"jetpack_social_options":{"image_generator_settings":{"template":"highway","default_image_id":0,"font":"","enabled":false},"version":2}},"categories":[3],"tags":[],"class_list":["post-34704","post","type-post","status-publish","format-standard","has-post-thumbnail","hentry","category-salud"],"aioseo_notices":[],"views":6,"jetpack_publicize_connections":[],"jetpack_featured_media_url":"https:\/\/i0.wp.com\/elterritorialweb.com.ar\/web\/wp-content\/uploads\/2022\/02\/MINISTRA-NASSIF.jpg?fit=1280%2C853&ssl=1","jetpack_sharing_enabled":true,"_links":{"self":[{"href":"https:\/\/elterritorialweb.com.ar\/web\/wp-json\/wp\/v2\/posts\/34704","targetHints":{"allow":["GET"]}}],"collection":[{"href":"https:\/\/elterritorialweb.com.ar\/web\/wp-json\/wp\/v2\/posts"}],"about":[{"href":"https:\/\/elterritorialweb.com.ar\/web\/wp-json\/wp\/v2\/types\/post"}],"author":[{"embeddable":true,"href":"https:\/\/elterritorialweb.com.ar\/web\/wp-json\/wp\/v2\/users\/2"}],"replies":[{"embeddable":true,"href":"https:\/\/elterritorialweb.com.ar\/web\/wp-json\/wp\/v2\/comments?post=34704"}],"version-history":[{"count":1,"href":"https:\/\/elterritorialweb.com.ar\/web\/wp-json\/wp\/v2\/posts\/34704\/revisions"}],"predecessor-version":[{"id":34706,"href":"https:\/\/elterritorialweb.com.ar\/web\/wp-json\/wp\/v2\/posts\/34704\/revisions\/34706"}],"wp:featuredmedia":[{"embeddable":true,"href":"https:\/\/elterritorialweb.com.ar\/web\/wp-json\/wp\/v2\/media\/34705"}],"wp:attachment":[{"href":"https:\/\/elterritorialweb.com.ar\/web\/wp-json\/wp\/v2\/media?parent=34704"}],"wp:term":[{"taxonomy":"category","embeddable":true,"href":"https:\/\/elterritorialweb.com.ar\/web\/wp-json\/wp\/v2\/categories?post=34704"},{"taxonomy":"post_tag","embeddable":true,"href":"https:\/\/elterritorialweb.com.ar\/web\/wp-json\/wp\/v2\/tags?post=34704"}],"curies":[{"name":"wp","href":"https:\/\/api.w.org\/{rel}","templated":true}]}}