{"id":34707,"date":"2022-02-10T04:15:52","date_gmt":"2022-02-10T04:15:52","guid":{"rendered":"http:\/\/elterritorialweb.com.ar\/web\/?p=34707"},"modified":"2022-02-10T04:15:53","modified_gmt":"2022-02-10T04:15:53","slug":"la-comuna-bandena-realizo-trabajos-de-desmalezamiento-y-limpieza-en-diferentes-puntos-de-la-ciudad","status":"publish","type":"post","link":"https:\/\/elterritorialweb.com.ar\/web\/la-comuna-bandena-realizo-trabajos-de-desmalezamiento-y-limpieza-en-diferentes-puntos-de-la-ciudad\/","title":{"rendered":"LA COMUNA BANDE\u00d1A REALIZ\u00d3 TRABAJOS DE DESMALEZAMIENTO Y LIMPIEZA EN DIFERENTES PUNTOS DE LA CIUDAD"},"content":{"rendered":"\n<p>Seg\u00fan se inform\u00f3, personal municipal realiz\u00f3 estos trabajos frente al barrio Procrear sobre avenida 25 de Mayo, en la Plaza Saludable situada en avenida San Mart\u00edn y detr\u00e1s de la algodonera situada en la avenida 25 de Mayo y en la Ruta 1 en inmediaciones del barrio Primero de Mayo.<br>Cabe destacar, que estas acciones se enmarcan dentro de las Campa\u00f1as municipales diagramadas para prevenir focos infecciosos contra el dengue y proliferaci\u00f3n de alima\u00f1as.<br>Asimismo, las autoridades del \u00e1rea especificaron la importancia de que los vecinos colaboren con estas acciones cuidando la higiene e informando a la secretaria sobre podas, para que no arrojen en la v\u00eda p\u00fablica perjudicando a todos.<\/p>\n","protected":false},"excerpt":{"rendered":"<p>La Direcci\u00f3n de Parques y Paseos dependientes de la Secretaria de Servicios P\u00fablicos de la Municipalidad de La Banda realiz\u00f3 diferentes tareas de desmalezamiento, rastrado, riego y levantado de podas en diferentes sectores.<\/p>\n","protected":false},"author":2,"featured_media":34708,"comment_status":"open","ping_status":"open","sticky":false,"template":"","format":"standard","meta":{"om_disable_all_campaigns":false,"_monsterinsights_skip_tracking":false,"_monsterinsights_sitenote_active":false,"_monsterinsights_sitenote_note":"","_monsterinsights_sitenote_category":0,"_uf_show_specific_survey":0,"_uf_disable_surveys":false,"jetpack_post_was_ever_published":false,"_jetpack_newsletter_access":"","_jetpack_dont_email_post_to_subs":false,"_jetpack_newsletter_tier_id":0,"_jetpack_memberships_contains_paywalled_content":false,"_jetpack_memberships_contains_paid_content":false,"footnotes":"","jetpack_publicize_message":"","jetpack_publicize_feature_enabled":true,"jetpack_social_post_already_shared":false,"jetpack_social_options":{"image_generator_settings":{"template":"highway","default_image_id":0,"font":"","enabled":false},"version":2}},"categories":[21],"tags":[],"class_list":["post-34707","post","type-post","status-publish","format-standard","has-post-thumbnail","hentry","category-locales"],"aioseo_notices":[],"views":7,"jetpack_publicize_connections":[],"jetpack_featured_media_url":"https:\/\/i0.wp.com\/elterritorialweb.com.ar\/web\/wp-content\/uploads\/2022\/02\/IMG-20220209-WA0013.jpg?fit=780%2C1040&ssl=1","jetpack_sharing_enabled":true,"_links":{"self":[{"href":"https:\/\/elterritorialweb.com.ar\/web\/wp-json\/wp\/v2\/posts\/34707","targetHints":{"allow":["GET"]}}],"collection":[{"href":"https:\/\/elterritorialweb.com.ar\/web\/wp-json\/wp\/v2\/posts"}],"about":[{"href":"https:\/\/elterritorialweb.com.ar\/web\/wp-json\/wp\/v2\/types\/post"}],"author":[{"embeddable":true,"href":"https:\/\/elterritorialweb.com.ar\/web\/wp-json\/wp\/v2\/users\/2"}],"replies":[{"embeddable":true,"href":"https:\/\/elterritorialweb.com.ar\/web\/wp-json\/wp\/v2\/comments?post=34707"}],"version-history":[{"count":1,"href":"https:\/\/elterritorialweb.com.ar\/web\/wp-json\/wp\/v2\/posts\/34707\/revisions"}],"predecessor-version":[{"id":34709,"href":"https:\/\/elterritorialweb.com.ar\/web\/wp-json\/wp\/v2\/posts\/34707\/revisions\/34709"}],"wp:featuredmedia":[{"embeddable":true,"href":"https:\/\/elterritorialweb.com.ar\/web\/wp-json\/wp\/v2\/media\/34708"}],"wp:attachment":[{"href":"https:\/\/elterritorialweb.com.ar\/web\/wp-json\/wp\/v2\/media?parent=34707"}],"wp:term":[{"taxonomy":"category","embeddable":true,"href":"https:\/\/elterritorialweb.com.ar\/web\/wp-json\/wp\/v2\/categories?post=34707"},{"taxonomy":"post_tag","embeddable":true,"href":"https:\/\/elterritorialweb.com.ar\/web\/wp-json\/wp\/v2\/tags?post=34707"}],"curies":[{"name":"wp","href":"https:\/\/api.w.org\/{rel}","templated":true}]}}