{"id":34713,"date":"2022-02-10T04:38:41","date_gmt":"2022-02-10T04:38:41","guid":{"rendered":"http:\/\/elterritorialweb.com.ar\/web\/?p=34713"},"modified":"2022-02-10T04:38:42","modified_gmt":"2022-02-10T04:38:42","slug":"continuan-fumigando-los-barrios-de-la-banda","status":"publish","type":"post","link":"https:\/\/elterritorialweb.com.ar\/web\/continuan-fumigando-los-barrios-de-la-banda\/","title":{"rendered":"CONTIN\u00daAN FUMIGANDO LOS BARRIOS DE LA BANDA"},"content":{"rendered":"\n<p>Cabe destacar, estas actividades se realizan en el marco de campa\u00f1as municipales que promueven la prevenci\u00f3n del dengue, la limpieza e higiene de lugares p\u00fablicos y privados, las cuales tienen como fin evitar la proliferaci\u00f3n de alima\u00f1as e insectos, como as\u00ed tambi\u00e9n, la proliferaci\u00f3n de mosquitos y el vector del dengue, por lo que se erradican focos infecciosos como basurales, se fumiga y desmaleza.<br>Asimismo, el cronograma de fumigaci\u00f3n comenz\u00f3 el lunes 7 de febrero en los barrios: Fraternidad, Finca de Ramos, Ramos Taboada, Banfield, IV Centenario, Ampliaci\u00f3n Parque Industrial, tambi\u00e9n en los cuadrantes Espa\u00f1a y Julio Argentino Jerez, 25 de Mayo y Laprida.<br>El martes 8, el equipo recorri\u00f3: San Juan, Villa Suaya, Matadero, Villa Nueva, Sarmiento, tambi\u00e9n los cuadrantes, Bolivia y Gobernador Taboada, Dorrego y Julio Argentino Ger\u00e9z.<br>El mi\u00e9rcoles 9, la fumigaci\u00f3n se realizar\u00e1 en los barrios: Los Lagos, Villa Juana, Central Argentino Viejo, Dorrego, Jerarquizado, Quilmes, Constituci\u00f3n, 25 de Mayo 36, 100 y 300 viviendas.<br>El jueves 10, el rociado se efectuar\u00e1 en los barrios: Tabla Redonda, Villa Margarita, Villa Coy, Jard\u00edn, Central Argentino Nuevo y Ampliaci\u00f3n, Villa Elo\u00edsa, Bajo de Vertiz.<br>El viernes 11, el cami\u00f3n fumigador recorrer\u00e1 los barrios: San Fernando, Para\u00edso, 25 de Mayo Viejo, El Brete, y los cuadrantes Mitre y Quintana, Rep\u00fablica del L\u00edbano y Besares.<\/p>\n","protected":false},"excerpt":{"rendered":"<p>La Secretar\u00eda de Servicios P\u00fablicos de la Municipalidad de La Banda, dio a conocer el cronograma de fumigaciones que se est\u00e1n realizando en diferentes barrios de la ciudad durante esta semana.<\/p>\n","protected":false},"author":2,"featured_media":34714,"comment_status":"open","ping_status":"open","sticky":false,"template":"","format":"standard","meta":{"om_disable_all_campaigns":false,"_monsterinsights_skip_tracking":false,"_monsterinsights_sitenote_active":false,"_monsterinsights_sitenote_note":"","_monsterinsights_sitenote_category":0,"_uf_show_specific_survey":0,"_uf_disable_surveys":false,"jetpack_post_was_ever_published":false,"_jetpack_newsletter_access":"","_jetpack_dont_email_post_to_subs":false,"_jetpack_newsletter_tier_id":0,"_jetpack_memberships_contains_paywalled_content":false,"_jetpack_memberships_contains_paid_content":false,"footnotes":"","jetpack_publicize_message":"","jetpack_publicize_feature_enabled":true,"jetpack_social_post_already_shared":false,"jetpack_social_options":{"image_generator_settings":{"template":"highway","default_image_id":0,"font":"","enabled":false},"version":2}},"categories":[21],"tags":[],"class_list":["post-34713","post","type-post","status-publish","format-standard","has-post-thumbnail","hentry","category-locales"],"aioseo_notices":[],"views":7,"jetpack_publicize_connections":[],"jetpack_featured_media_url":"https:\/\/i0.wp.com\/elterritorialweb.com.ar\/web\/wp-content\/uploads\/2022\/02\/IMG-20220209-WA0011.jpg?fit=1010%2C567&ssl=1","jetpack_sharing_enabled":true,"_links":{"self":[{"href":"https:\/\/elterritorialweb.com.ar\/web\/wp-json\/wp\/v2\/posts\/34713","targetHints":{"allow":["GET"]}}],"collection":[{"href":"https:\/\/elterritorialweb.com.ar\/web\/wp-json\/wp\/v2\/posts"}],"about":[{"href":"https:\/\/elterritorialweb.com.ar\/web\/wp-json\/wp\/v2\/types\/post"}],"author":[{"embeddable":true,"href":"https:\/\/elterritorialweb.com.ar\/web\/wp-json\/wp\/v2\/users\/2"}],"replies":[{"embeddable":true,"href":"https:\/\/elterritorialweb.com.ar\/web\/wp-json\/wp\/v2\/comments?post=34713"}],"version-history":[{"count":1,"href":"https:\/\/elterritorialweb.com.ar\/web\/wp-json\/wp\/v2\/posts\/34713\/revisions"}],"predecessor-version":[{"id":34715,"href":"https:\/\/elterritorialweb.com.ar\/web\/wp-json\/wp\/v2\/posts\/34713\/revisions\/34715"}],"wp:featuredmedia":[{"embeddable":true,"href":"https:\/\/elterritorialweb.com.ar\/web\/wp-json\/wp\/v2\/media\/34714"}],"wp:attachment":[{"href":"https:\/\/elterritorialweb.com.ar\/web\/wp-json\/wp\/v2\/media?parent=34713"}],"wp:term":[{"taxonomy":"category","embeddable":true,"href":"https:\/\/elterritorialweb.com.ar\/web\/wp-json\/wp\/v2\/categories?post=34713"},{"taxonomy":"post_tag","embeddable":true,"href":"https:\/\/elterritorialweb.com.ar\/web\/wp-json\/wp\/v2\/tags?post=34713"}],"curies":[{"name":"wp","href":"https:\/\/api.w.org\/{rel}","templated":true}]}}