{"id":34717,"date":"2022-02-10T06:28:43","date_gmt":"2022-02-10T06:28:43","guid":{"rendered":"http:\/\/elterritorialweb.com.ar\/web\/?p=34717"},"modified":"2022-02-10T06:32:51","modified_gmt":"2022-02-10T06:32:51","slug":"arranca-la-copa-de-la-liga-profesional-2022","status":"publish","type":"post","link":"https:\/\/elterritorialweb.com.ar\/web\/arranca-la-copa-de-la-liga-profesional-2022\/","title":{"rendered":"ARRANCA LA COPA DE LA LIGA PROFESIONAL 2022"},"content":{"rendered":"\n<p>Despu\u00e9s de un enero plagado de amistosos, este jueves por la tarde comenzar\u00e1 la temporada del f\u00fatbol argentino. La&nbsp;Copa de la Liga Profesional&nbsp;tendr\u00e1&nbsp;<strong>su arranque con cuatro partidos<\/strong>, en los que se destaca el debut de&nbsp;Lisandro L\u00f3pez&nbsp;en Sarmiento de Jun\u00edn, el de&nbsp;Barracas Central&nbsp;que acaba de ascender y&nbsp;<strong>el sorprendente Defensa de Beccacece<\/strong>. Esta Copa se jugar\u00e1 en el primer semestre del a\u00f1o, tal como sucedi\u00f3 en 2021 aunque con algunas modificaciones que le dan m\u00e1s inter\u00e9s a la competici\u00f3n.<\/p>\n\n\n\n<p>La principal ser\u00e1 la vuelta unificada de los cl\u00e1sicos. La s\u00e9ptima fecha ser\u00e1 para no moverse de la televisi\u00f3n. All\u00ed se jugar\u00e1n los interzonales con todos los partidos m\u00e1s importantes de nuestro f\u00fatbol:&nbsp;<strong>River-Boca, Independiente-Racing, San Lorenzo-Hurac\u00e1n<\/strong>&nbsp;y todo el resto de los derbies se disputar\u00e1n en el fin de semana del 20 de marzo. As\u00ed, cada equipo jugar\u00e1 los 13 partidos de la zona m\u00e1s este choque especial.<\/p>\n\n\n\n<p>Los cuatro mejores de cada zona pasar\u00e1n a los cuartos de final y se enfrentar\u00e1n con un rival de la zona cruzada. Primeros contra cuartos y segundos contra terceros, siempre con local\u00eda del mejor ubicado y con definici\u00f3n por penales si se mantiene la paridad tras el juego. Luego en semis y final, los choques ser\u00e1n en cancha neutral a confirmar, aunque s\u00ed se sabe que el partido definitorio se jugar\u00e1 el 22 de mayo. Hay que destacar que s\u00f3lo los puntos de los partidos de la fase de grupos se tomar\u00e1n en cuenta tanto para los descensos como para la tabla anual que da lugares para las copas internacionales 2023. Premio para el campe\u00f3n de la Copa de la LPF:&nbsp;<strong>va directo a la Libertadores<\/strong>.<\/p>\n\n\n\n<p>Otra diferencia respecto a la edici\u00f3n pasada es la cantidad de equipos. En la \u00faltima hubo 26 y ahora se sumaron Tigre y Barracas Central, por lo que\u00a0<strong>ser\u00e1n 28 los equipos que disputen la competencia. En cuanto a los parates, se respetar\u00e1 la fecha FIFA y no habr\u00e1 f\u00fatbol entre el 24 y 29 de marzo, \u00fanico fin de semana con calendario de\u00a0Selecci\u00f3n<\/strong>. En la \u00faltima edici\u00f3n, Col\u00f3n le gan\u00f3 3-0 la final a Racing, se coron\u00f3 campe\u00f3n y este a\u00f1o tendr\u00e1 el premio de disputar la Libertadores.<\/p>\n\n\n\n<figure class=\"wp-block-image size-large\"><a href=\"https:\/\/i0.wp.com\/elterritorialweb.com.ar\/web\/wp-content\/uploads\/2022\/02\/ATRIL-PELOTA-LPF-2020-1033x675-1.jpg\"><img data-recalc-dims=\"1\" decoding=\"async\" width=\"640\" height=\"418\" data-src=\"https:\/\/i0.wp.com\/elterritorialweb.com.ar\/web\/wp-content\/uploads\/2022\/02\/ATRIL-PELOTA-LPF-2020-1033x675-1.jpg?resize=640%2C418\" alt=\"\" class=\"wp-image-34720 lazyload\" data-srcset=\"https:\/\/i0.wp.com\/elterritorialweb.com.ar\/web\/wp-content\/uploads\/2022\/02\/ATRIL-PELOTA-LPF-2020-1033x675-1.jpg?resize=1024%2C669&amp;ssl=1 1024w, https:\/\/i0.wp.com\/elterritorialweb.com.ar\/web\/wp-content\/uploads\/2022\/02\/ATRIL-PELOTA-LPF-2020-1033x675-1.jpg?resize=300%2C196&amp;ssl=1 300w, https:\/\/i0.wp.com\/elterritorialweb.com.ar\/web\/wp-content\/uploads\/2022\/02\/ATRIL-PELOTA-LPF-2020-1033x675-1.jpg?resize=768%2C502&amp;ssl=1 768w, https:\/\/i0.wp.com\/elterritorialweb.com.ar\/web\/wp-content\/uploads\/2022\/02\/ATRIL-PELOTA-LPF-2020-1033x675-1.jpg?w=1033&amp;ssl=1 1033w\" data-sizes=\"(max-width: 640px) 100vw, 640px\" src=\"data:image\/svg+xml;base64,PHN2ZyB3aWR0aD0iMSIgaGVpZ2h0PSIxIiB4bWxucz0iaHR0cDovL3d3dy53My5vcmcvMjAwMC9zdmciPjwvc3ZnPg==\" style=\"--smush-placeholder-width: 640px; --smush-placeholder-aspect-ratio: 640\/418;\" \/><\/a><\/figure>\n\n\n\n<h3 class=\"wp-block-heading\" id=\"la-vuelta-de-los-descensos\">La vuelta de los descensos<\/h3>\n\n\n\n<p>Junto con la llegada de la pandemia, al f\u00fatbol argentino tambi\u00e9n arrib\u00f3 la suspensi\u00f3n de los descensos en la Liga Profesional. La temporada que deb\u00eda finalizar a mediados de 2020 no vio bajar a ning\u00fan equipo, la medida se mantuvo tambi\u00e9n en 2021 y reci\u00e9n a fines de este a\u00f1o dos equipos se ir\u00e1n a la Primera Nacional. De momento, son 28 los clubes que jugar\u00e1n en Primera y muchos los que arrancan comprometidos con el promedio.<\/p>\n\n\n\n<p>Hay 11 equipos que, con m\u00e1s o menos aire, deben sumar puntos para no comprometerse. De hecho, Platense se ubica 18\u00b0 pero sabe que no puede perder para no caer en picada. Hurac\u00e1n, Atl\u00e9tico, Central C\u00f3rdoba, Arsenal, Aldosivi, Godoy Cruz, Patronato, Sarmiento y los ascendidos Tigre y Barracas est\u00e1n en el baile.<\/p>\n\n\n\n<h3 class=\"wp-block-heading\" id=\"tambien-juega-la-reserva\">Tambi\u00e9n juega la Reserva<\/h3>\n\n\n\n<p>En los \u00faltimos a\u00f1os, los torneos de Reserva empezaron a tener mayor relevancia. Si bien la costumbre de jugar los partidos de los pibes antes de la Primera ya qued\u00f3 en el pasado, la televisaci\u00f3n volvi\u00f3 a dar un empuje extra a los juveniles. El a\u00f1o pasado, la mayor\u00eda de los clubes, gracias a la Liga Profesional, pudieron transmitir los partidos de sus equipos por los canales oficiales de YouTube.<\/p>\n\n\n\n<p>Este a\u00f1o no ser\u00e1 la excepci\u00f3n y en el primer semestre del a\u00f1o se volver\u00e1 a jugar con el mismo formato que el torneo de Primera. Es decir que los pibes estar\u00e1n separados en dos zonas, tendr\u00e1 la fecha de cl\u00e1sicos y los cuatros mejores de cada grupo jugar\u00e1n los cuartos de final de la Copa.<\/p>\n\n\n\n<p>El a\u00f1o pasado, la Reserva tuvo una sorpresa hist\u00f3rica en su Copa 2021. Sarmiento de Jun\u00edn se consagr\u00f3 por primera vez en su historia al ganarle 2-1 a Boca en la cancha de Banfield. El Verde venci\u00f3 al equipo de Battaglia, en donde hab\u00eda hecho un gol Luis V\u00e1zquez, hoy en Primera.<\/p>\n\n\n\n<h3 class=\"wp-block-heading\" id=\"arranca-el-var\">Arranca el VAR<\/h3>\n\n\n\n<p>Mucho se lo pidi\u00f3 y, en esta Copa de la Liga Profesional que arranca hoy, el tan esperado VAR har\u00e1 su estreno. El torneo argentino se convertir\u00e1 en uno de los \u00faltimos en sumar la tecnolog\u00eda. Se lanzar\u00eda a partir de la cuarta fecha, y s\u00f3lo en partidos de Primera. As\u00ed, en el \u00faltimo fin de semana de febrero se estrenar\u00eda la tan esperada tecnolog\u00eda. Para esto, en el predio de la AFA se est\u00e1 terminando de construir el edificio VAR, de 1.200 metros cuadrados, m\u00e1s all\u00e1 de las salas y camionetas que se necesitan. Seg\u00fan explic\u00f3 Federico Beligoy, el VAR centralizado s\u00f3lo est\u00e1 en cuatro o cinco federaciones de primer nivel y una de ellas ser\u00e1 en la Argentina. Ojo, desde la Liga no recibieron comunicaci\u00f3n oficial de su implementaci\u00f3n y qui\u00e9n asumir\u00e1 los gastos.<\/p>\n","protected":false},"excerpt":{"rendered":"<p>Este jueves vuelve el f\u00fatbol argentino con cuatro partidos y mucha espectativa.<\/p>\n","protected":false},"author":2,"featured_media":34718,"comment_status":"open","ping_status":"open","sticky":false,"template":"","format":"standard","meta":{"om_disable_all_campaigns":false,"_monsterinsights_skip_tracking":false,"_monsterinsights_sitenote_active":false,"_monsterinsights_sitenote_note":"","_monsterinsights_sitenote_category":0,"_uf_show_specific_survey":0,"_uf_disable_surveys":false,"jetpack_post_was_ever_published":false,"_jetpack_newsletter_access":"","_jetpack_dont_email_post_to_subs":false,"_jetpack_newsletter_tier_id":0,"_jetpack_memberships_contains_paywalled_content":false,"_jetpack_memberships_contains_paid_content":false,"footnotes":"","jetpack_publicize_message":"","jetpack_publicize_feature_enabled":true,"jetpack_social_post_already_shared":false,"jetpack_social_options":{"image_generator_settings":{"template":"highway","default_image_id":0,"font":"","enabled":false},"version":2}},"categories":[6],"tags":[],"class_list":["post-34717","post","type-post","status-publish","format-standard","has-post-thumbnail","hentry","category-deportes"],"aioseo_notices":[],"views":18,"jetpack_publicize_connections":[],"jetpack_featured_media_url":"https:\/\/i0.wp.com\/elterritorialweb.com.ar\/web\/wp-content\/uploads\/2022\/02\/1N8f9Febz_640x361__1.jpg?fit=640%2C361&ssl=1","jetpack_sharing_enabled":true,"_links":{"self":[{"href":"https:\/\/elterritorialweb.com.ar\/web\/wp-json\/wp\/v2\/posts\/34717","targetHints":{"allow":["GET"]}}],"collection":[{"href":"https:\/\/elterritorialweb.com.ar\/web\/wp-json\/wp\/v2\/posts"}],"about":[{"href":"https:\/\/elterritorialweb.com.ar\/web\/wp-json\/wp\/v2\/types\/post"}],"author":[{"embeddable":true,"href":"https:\/\/elterritorialweb.com.ar\/web\/wp-json\/wp\/v2\/users\/2"}],"replies":[{"embeddable":true,"href":"https:\/\/elterritorialweb.com.ar\/web\/wp-json\/wp\/v2\/comments?post=34717"}],"version-history":[{"count":2,"href":"https:\/\/elterritorialweb.com.ar\/web\/wp-json\/wp\/v2\/posts\/34717\/revisions"}],"predecessor-version":[{"id":34721,"href":"https:\/\/elterritorialweb.com.ar\/web\/wp-json\/wp\/v2\/posts\/34717\/revisions\/34721"}],"wp:featuredmedia":[{"embeddable":true,"href":"https:\/\/elterritorialweb.com.ar\/web\/wp-json\/wp\/v2\/media\/34718"}],"wp:attachment":[{"href":"https:\/\/elterritorialweb.com.ar\/web\/wp-json\/wp\/v2\/media?parent=34717"}],"wp:term":[{"taxonomy":"category","embeddable":true,"href":"https:\/\/elterritorialweb.com.ar\/web\/wp-json\/wp\/v2\/categories?post=34717"},{"taxonomy":"post_tag","embeddable":true,"href":"https:\/\/elterritorialweb.com.ar\/web\/wp-json\/wp\/v2\/tags?post=34717"}],"curies":[{"name":"wp","href":"https:\/\/api.w.org\/{rel}","templated":true}]}}