{"id":34722,"date":"2022-02-10T14:10:01","date_gmt":"2022-02-10T14:10:01","guid":{"rendered":"http:\/\/elterritorialweb.com.ar\/web\/?p=34722"},"modified":"2022-02-10T14:10:01","modified_gmt":"2022-02-10T14:10:01","slug":"cerruti-las-relaciones-diplomaticas-estan-basadas-hoy-en-la-vision-del-mundo-multilateral","status":"publish","type":"post","link":"https:\/\/elterritorialweb.com.ar\/web\/cerruti-las-relaciones-diplomaticas-estan-basadas-hoy-en-la-vision-del-mundo-multilateral\/","title":{"rendered":"CERRUTI: \u00bb LAS RELACIONES DIPLOM\u00c1TICAS ESTAN BASADAS HOY EN LA VISI\u00d3N DEL MUNDO MULTILATERAL\u00bb"},"content":{"rendered":"\n<p>La portavoz de la Presidencia,&nbsp;<strong>Gabriela Cerruti<\/strong>, destac\u00f3 la gira internacional realizada por el presidente Alberto Fern\u00e1ndez por Rusia, China y Barbados; defendi\u00f3 la visi\u00f3n de \u00abmultilateralismo\u00bb que sostiene el Gobierno nacional; y neg\u00f3 un supuesto \u00abmalestar\u00bb de los Estados Unidos por el contenido y las declaraciones del mandatario en esas visitas.<\/p>\n\n\n\n<p><strong>\u00abLas relaciones diplom\u00e1ticas est\u00e1n basadas hoy en la visi\u00f3n del mundo multilateral\u00bb<\/strong>, defini\u00f3 Cerruti en su habitual conferencia de prensa de los jueves en la Casa de Gobierno, tras haber llegado ayer junto a la comitiva presidencial que acompa\u00f1\u00f3 a Fern\u00e1ndez en su gira internacional.<\/p>\n\n\n\n<p>En ese marco, indic\u00f3 que el multilateralismo busca \u00abno excluir a nadie, en la b\u00fasqueda de una econom\u00eda global que sea un poco m\u00e1s equitativa y m\u00e1s justa\u00bb, y ratific\u00f3 que&nbsp;<strong>Fern\u00e1ndez \u00abexpres\u00f3 en Rusia y en China la posici\u00f3n hist\u00f3rica de la Argentina<\/strong>\u00ab.<\/p>\n\n\n\n<p>Por otro lado,&nbsp;<strong>neg\u00f3 que el Gobierno argentino haya recibido \u00abalg\u00fan malestar\u00bb de parte del Departamento de Estado norteamericano<\/strong>&nbsp;y atribuy\u00f3 los dichos a \u00abrumores period\u00edsticos\u00bb y a la falta de \u00abrigor\u00bb en el ejercicio de esa profesi\u00f3n en relaci\u00f3n a esas versiones.<\/p>\n\n\n\n<p>\u00abTenemos un pr\u00e9stamo con el Fondo Monetario Internacional (FMI) y los Estados Unidos tienen una situaci\u00f3n privilegiada y eso significa una dependencia muy fuerte con ese pa\u00eds y con el Fondo\u00bb por lo que resalt\u00f3 la importancia de \u00abtener una pol\u00edtica multilateral\u00bb, insisti\u00f3.<\/p>\n\n\n\n<p>En el marco de su gira por Rusia y China, Fern\u00e1ndez sostuvo que la Argentina \u00abtiene una dependencia muy grande del Fondo Monetario Internacional (FMI) y de Estados Unidos\u00bb, y abog\u00f3 por la necesidad de \u00ababrir otros puentes, y apostar por el multilateralismo, sin ser sat\u00e9lites de nadie\u00bb.<\/p>\n\n\n\n<p>Al ser consultada sobre supuestas quejas del Gobierno de los EEUU por esas declaraciones, Cerruti contest\u00f3:&nbsp;<strong>\u00abNo hemos escuchado hasta el momento ninguna posici\u00f3n del Gobierno de Estados Unidos que haya dicho que eso gener\u00f3 malestar; solo se escucharon y vieron rumores. Si el Departamento de Estado quiere expresarse lo hace, y nos vamos a enterar\u00bb<\/strong>, dijo terminante.<\/p>\n\n\n\n<p>En tanto, respondi\u00f3 las cr\u00edticas que en algunos sectores de la oposici\u00f3n despert\u00f3 la gira presidencial: \u00abPensar que Rusia y China est\u00e1n detr\u00e1s de la &#8216;cortina de hierro\u00b4 es atrasar 40 a\u00f1os y es haberse quedado en un mundo donde pasaron un mont\u00f3n de cosas y los procesos pol\u00edticos cambiaron\u00bb.<\/p>\n\n\n\n<p><strong>\u00abEst\u00e1n mirando un mundo que ya no existe\u00bb<\/strong>, subray\u00f3 Cerruti, quien agreg\u00f3: \u00abEs hora que desde algunos medios dejen de agigantar fantasmas como si estuvi\u00e9ramos viviendo a finales de los a\u00f1os 60 y fu\u00e9ramos parte de la guerra fr\u00eda\u00bb.<\/p>\n\n\n\n<p>\u00abEstamos hablando de la globalizaci\u00f3n y de buscar m\u00e1s interrelaciones entre los pa\u00edses, para disfrutar entre todos de un mundo m\u00e1s justo\u00bb, dijo y pidi\u00f3 a ciertos medios de comunicaci\u00f3n \u00abun poco m\u00e1s de rigurosidad\u00bb.<\/p>\n\n\n\n<p>Sobre la gira, la portavoz destac\u00f3 que redundar\u00e1 en \u00abproyectos de inversi\u00f3n en distintas \u00e1reas de desarrollo\u00bb y que las visitas realizadas \u00abnos siguen poniendo en la senda del crecimiento que la Argentina est\u00e1 llevando adelante\u00bb.<\/p>\n\n\n\n<p>En ese marco, destac\u00f3 la reuni\u00f3n bilateral entre Fern\u00e1ndez y su par ruso,&nbsp;<strong>Vladimir Putin<\/strong>: \u00abHablaron sobre el mundo multilateral y los acuerdos en temas econ\u00f3micos, de transferencia de tecnolog\u00eda y se anunciaron importantes inversiones\u00bb, rese\u00f1\u00f3.<\/p>\n\n\n\n<p>Adem\u00e1s, record\u00f3 que el ministro de Econom\u00eda,&nbsp;<strong>Mart\u00edn Guzm\u00e1n<\/strong>, \u00abestuvo dos d\u00edas m\u00e1s en Rusia y se reuni\u00f3 con el secretario de Finanzas y de Econom\u00eda de ese pa\u00eds para avanzar en inversiones en la Argentina\u00bb.<\/p>\n\n\n\n<p>Tambi\u00e9n, resalt\u00f3 el paso del Presidente por China, donde se acord\u00f3 el ingreso de Argentina a la Ruta de la Seda, lo que abarca una \u00abserie de inversiones muy importantes y acuerdos\u00bb en materia de miner\u00eda, extracci\u00f3n de litio, autom\u00f3viles el\u00e9ctricos, y desarrollo de tecnolog\u00eda<\/p>\n\n\n\n<p>Finalmente, la portavoz a\u00f1adi\u00f3 que, en Barbados, el Presidente convers\u00f3 con la primera ministra de la isla caribe\u00f1a,&nbsp;<strong>M\u00eda Mottley<\/strong>, \u00absobre la crisis clim\u00e1tica y sus consecuencias en las islas del Caribe\u00bb.<\/p>\n\n\n\n<h2 class=\"wp-block-heading\" id=\"el-acuerdo-con-el-fmi\">El acuerdo con el FMI<\/h2>\n\n\n\n<p>Por otro lado,&nbsp;<strong>Cerruti ratific\u00f3 la \u00abcerteza\u00bb del Gobierno nacional de que el acuerdo alcanzado con el Fondo Monetario Internacional (FMI) ser\u00e1 aprobado en el Congreso de la Naci\u00f3n<\/strong>, cuando el entendimiento ingrese al Parlamento.<\/p>\n\n\n\n<p>\u00abTenemos la certeza de que el acuerdo ser\u00e1 aprobado en el Congreso\u00bb, dijo la portavoz en rueda de prensa, en la que se\u00f1al\u00f3 que la estrategia del Frente de Todos \u00abse decidir\u00e1 en el Congreso\u00bb y en la que afirm\u00f3 adem\u00e1s que el Gobierno espera que el entendimiento \u00absea aprobado muy r\u00e1pidamente\u00bb una vez que ingrese.<\/p>\n\n\n\n<p>Cerruti consider\u00f3 que el acuerdo alcanzado con el Fondo Monetario Internacional (FMI) \u00abes el mejor posible\u00bb y ratific\u00f3 que el Gobierno nacional est\u00e1 \u00abmuy confiado\u00bb en su aprobaci\u00f3n en el Congreso.<\/p>\n\n\n\n<p>\u00abEl entendimiento que hemos alcanzado con el FMI es el mejor acuerdo posible, lo reconocen los gobiernos internacionales, a\u00fan en situaciones pol\u00edticas e ideol\u00f3gicas posibles\u00bb, dijo la portavoz en rueda de prensa en la que destac\u00f3 que, \u00abpor primera vez en la historia, ese acuerdo no pone en duda ni en riesgo el crecimiento de la Argentina\u00bb.<\/p>\n\n\n\n<p>En otro tramo de la conferencia, Cerruti dijo que el jefe de Gobierno porte\u00f1o, Horacio Rodr\u00edguez Larreta, \u00abcon el mismo criterio de autonom\u00eda, deber\u00eda asumir sus responsabilidades\u00bb en materia de transporte en la ciudad de Buenos Aires.<\/p>\n\n\n\n<p>\u00abLa ciudad tiene que empezar a hacerse responsable de los temas que le corresponden, Larreta ha judicializado la coparticipaci\u00f3n y llevo el tema a la Corte. Con el mismo criterio de autonom\u00eda, deber\u00eda asumir sus responsabildades. La ciudad y Larreta solo quieren los derechos de autonom\u00eda y ninguno de los deberes\u00bb, sostuvo la portavoz de la Presidencia.<\/p>\n\n\n\n<p>Adem\u00e1s, afirm\u00f3 que la segmentaci\u00f3n de tarifas \u00aba\u00fan se est\u00e1 estudiando\u00bb, aunque indic\u00f3 que los subsidios ir\u00e1n \u00abhacia aquellos que lo necesitan\u00bb.<\/p>\n","protected":false},"excerpt":{"rendered":"<p>La gira por Rusia, China y Barbados redundar\u00e1 en \u00abproyectos de inversi\u00f3n en distintas \u00e1reas de desarrollo\u00bb , destac\u00f3 la portavoz de la Presidencia, que critic\u00f3 a quienes \u00abest\u00e1n mirando un mundo que ya no existe\u00bb. Dijo que el Gobierno nacional est\u00e1 \u00abmuy confiado\u00bb en la aprobaci\u00f3n del acuerdo del FMI en el Congreso.<\/p>\n","protected":false},"author":2,"featured_media":34723,"comment_status":"open","ping_status":"open","sticky":false,"template":"","format":"standard","meta":{"om_disable_all_campaigns":false,"_monsterinsights_skip_tracking":false,"_monsterinsights_sitenote_active":false,"_monsterinsights_sitenote_note":"","_monsterinsights_sitenote_category":0,"_uf_show_specific_survey":0,"_uf_disable_surveys":false,"jetpack_post_was_ever_published":false,"_jetpack_newsletter_access":"","_jetpack_dont_email_post_to_subs":false,"_jetpack_newsletter_tier_id":0,"_jetpack_memberships_contains_paywalled_content":false,"_jetpack_memberships_contains_paid_content":false,"footnotes":"","jetpack_publicize_message":"","jetpack_publicize_feature_enabled":true,"jetpack_social_post_already_shared":false,"jetpack_social_options":{"image_generator_settings":{"template":"highway","default_image_id":0,"font":"","enabled":false},"version":2}},"categories":[18],"tags":[],"class_list":["post-34722","post","type-post","status-publish","format-standard","has-post-thumbnail","hentry","category-politica"],"aioseo_notices":[],"views":5,"jetpack_publicize_connections":[],"jetpack_featured_media_url":"https:\/\/i0.wp.com\/elterritorialweb.com.ar\/web\/wp-content\/uploads\/2022\/02\/gabriela-cerruti.jpg?fit=1004%2C565&ssl=1","jetpack_sharing_enabled":true,"_links":{"self":[{"href":"https:\/\/elterritorialweb.com.ar\/web\/wp-json\/wp\/v2\/posts\/34722","targetHints":{"allow":["GET"]}}],"collection":[{"href":"https:\/\/elterritorialweb.com.ar\/web\/wp-json\/wp\/v2\/posts"}],"about":[{"href":"https:\/\/elterritorialweb.com.ar\/web\/wp-json\/wp\/v2\/types\/post"}],"author":[{"embeddable":true,"href":"https:\/\/elterritorialweb.com.ar\/web\/wp-json\/wp\/v2\/users\/2"}],"replies":[{"embeddable":true,"href":"https:\/\/elterritorialweb.com.ar\/web\/wp-json\/wp\/v2\/comments?post=34722"}],"version-history":[{"count":1,"href":"https:\/\/elterritorialweb.com.ar\/web\/wp-json\/wp\/v2\/posts\/34722\/revisions"}],"predecessor-version":[{"id":34724,"href":"https:\/\/elterritorialweb.com.ar\/web\/wp-json\/wp\/v2\/posts\/34722\/revisions\/34724"}],"wp:featuredmedia":[{"embeddable":true,"href":"https:\/\/elterritorialweb.com.ar\/web\/wp-json\/wp\/v2\/media\/34723"}],"wp:attachment":[{"href":"https:\/\/elterritorialweb.com.ar\/web\/wp-json\/wp\/v2\/media?parent=34722"}],"wp:term":[{"taxonomy":"category","embeddable":true,"href":"https:\/\/elterritorialweb.com.ar\/web\/wp-json\/wp\/v2\/categories?post=34722"},{"taxonomy":"post_tag","embeddable":true,"href":"https:\/\/elterritorialweb.com.ar\/web\/wp-json\/wp\/v2\/tags?post=34722"}],"curies":[{"name":"wp","href":"https:\/\/api.w.org\/{rel}","templated":true}]}}