{"id":34743,"date":"2022-02-11T06:20:14","date_gmt":"2022-02-11T06:20:14","guid":{"rendered":"http:\/\/elterritorialweb.com.ar\/web\/?p=34743"},"modified":"2022-02-11T06:21:25","modified_gmt":"2022-02-11T06:21:25","slug":"zamora-arribo-a-misiones-para-participar-del-consejo-regional-del-norte-grande","status":"publish","type":"post","link":"https:\/\/elterritorialweb.com.ar\/web\/zamora-arribo-a-misiones-para-participar-del-consejo-regional-del-norte-grande\/","title":{"rendered":"ZAMORA ARRIB\u00d3 A MISIONES PARA PARTICIPAR DEL CONSEJO REGIONAL DEL NORTE GRANDE"},"content":{"rendered":"\n<p>A su arribo fue recibido por el gobernador de Misiones, Oscar Herrera Ahuad, a quien el mandatario santiague\u00f1o le hizo entrega de presentes.<\/p>\n\n\n\n<figure class=\"wp-block-image size-full\"><a href=\"https:\/\/i0.wp.com\/elterritorialweb.com.ar\/web\/wp-content\/uploads\/2022\/02\/FB_IMG_1644560245810.jpg\"><img data-recalc-dims=\"1\" decoding=\"async\" width=\"640\" height=\"415\" data-src=\"https:\/\/i0.wp.com\/elterritorialweb.com.ar\/web\/wp-content\/uploads\/2022\/02\/FB_IMG_1644560245810.jpg?resize=640%2C415\" alt=\"\" class=\"wp-image-34745 lazyload\" data-srcset=\"https:\/\/i0.wp.com\/elterritorialweb.com.ar\/web\/wp-content\/uploads\/2022\/02\/FB_IMG_1644560245810.jpg?w=720&amp;ssl=1 720w, https:\/\/i0.wp.com\/elterritorialweb.com.ar\/web\/wp-content\/uploads\/2022\/02\/FB_IMG_1644560245810.jpg?resize=300%2C195&amp;ssl=1 300w\" data-sizes=\"(max-width: 640px) 100vw, 640px\" src=\"data:image\/svg+xml;base64,PHN2ZyB3aWR0aD0iMSIgaGVpZ2h0PSIxIiB4bWxucz0iaHR0cDovL3d3dy53My5vcmcvMjAwMC9zdmciPjwvc3ZnPg==\" style=\"--smush-placeholder-width: 640px; --smush-placeholder-aspect-ratio: 640\/415;\" \/><\/a><\/figure>\n\n\n\n<p>La reuni\u00f3n tendr\u00e1 una agenda variada de temas, entre los que se destacan obras p\u00fablicas estrat\u00e9gicas, una tarifa diferencial de energ\u00eda el\u00e9ctrica y el Corredor Bioce\u00e1nico Norte, entre otros.<\/p>\n\n\n\n<figure class=\"wp-block-image size-full\"><a href=\"https:\/\/i0.wp.com\/elterritorialweb.com.ar\/web\/wp-content\/uploads\/2022\/02\/FB_IMG_1644560248296.jpg\"><img data-recalc-dims=\"1\" decoding=\"async\" width=\"640\" height=\"419\" data-src=\"https:\/\/i0.wp.com\/elterritorialweb.com.ar\/web\/wp-content\/uploads\/2022\/02\/FB_IMG_1644560248296.jpg?resize=640%2C419\" alt=\"\" class=\"wp-image-34746 lazyload\" data-srcset=\"https:\/\/i0.wp.com\/elterritorialweb.com.ar\/web\/wp-content\/uploads\/2022\/02\/FB_IMG_1644560248296.jpg?w=720&amp;ssl=1 720w, https:\/\/i0.wp.com\/elterritorialweb.com.ar\/web\/wp-content\/uploads\/2022\/02\/FB_IMG_1644560248296.jpg?resize=300%2C196&amp;ssl=1 300w\" data-sizes=\"(max-width: 640px) 100vw, 640px\" src=\"data:image\/svg+xml;base64,PHN2ZyB3aWR0aD0iMSIgaGVpZ2h0PSIxIiB4bWxucz0iaHR0cDovL3d3dy53My5vcmcvMjAwMC9zdmciPjwvc3ZnPg==\" style=\"--smush-placeholder-width: 640px; --smush-placeholder-aspect-ratio: 640\/419;\" \/><\/a><\/figure>\n","protected":false},"excerpt":{"rendered":"<p>El gobernador de Santiago del Estero, Dr. Gerardo Zamora, ya se encuentra en la provincia de Misiones, en la ciudad de Puerto Iguaz\u00fa, donde este viernes participar\u00e1 de la asamblea del Consejo Regional del Norte Grande Argentino.<\/p>\n","protected":false},"author":2,"featured_media":34744,"comment_status":"open","ping_status":"open","sticky":false,"template":"","format":"standard","meta":{"om_disable_all_campaigns":false,"_monsterinsights_skip_tracking":false,"_monsterinsights_sitenote_active":false,"_monsterinsights_sitenote_note":"","_monsterinsights_sitenote_category":0,"_uf_show_specific_survey":0,"_uf_disable_surveys":false,"jetpack_post_was_ever_published":false,"_jetpack_newsletter_access":"","_jetpack_dont_email_post_to_subs":false,"_jetpack_newsletter_tier_id":0,"_jetpack_memberships_contains_paywalled_content":false,"_jetpack_memberships_contains_paid_content":false,"footnotes":"","jetpack_publicize_message":"","jetpack_publicize_feature_enabled":true,"jetpack_social_post_already_shared":false,"jetpack_social_options":{"image_generator_settings":{"template":"highway","default_image_id":0,"font":"","enabled":false},"version":2}},"categories":[21],"tags":[],"class_list":["post-34743","post","type-post","status-publish","format-standard","has-post-thumbnail","hentry","category-locales"],"aioseo_notices":[],"views":14,"jetpack_publicize_connections":[],"jetpack_featured_media_url":"https:\/\/i0.wp.com\/elterritorialweb.com.ar\/web\/wp-content\/uploads\/2022\/02\/FB_IMG_1644560243331.jpg?fit=720%2C480&ssl=1","jetpack_sharing_enabled":true,"_links":{"self":[{"href":"https:\/\/elterritorialweb.com.ar\/web\/wp-json\/wp\/v2\/posts\/34743","targetHints":{"allow":["GET"]}}],"collection":[{"href":"https:\/\/elterritorialweb.com.ar\/web\/wp-json\/wp\/v2\/posts"}],"about":[{"href":"https:\/\/elterritorialweb.com.ar\/web\/wp-json\/wp\/v2\/types\/post"}],"author":[{"embeddable":true,"href":"https:\/\/elterritorialweb.com.ar\/web\/wp-json\/wp\/v2\/users\/2"}],"replies":[{"embeddable":true,"href":"https:\/\/elterritorialweb.com.ar\/web\/wp-json\/wp\/v2\/comments?post=34743"}],"version-history":[{"count":2,"href":"https:\/\/elterritorialweb.com.ar\/web\/wp-json\/wp\/v2\/posts\/34743\/revisions"}],"predecessor-version":[{"id":34748,"href":"https:\/\/elterritorialweb.com.ar\/web\/wp-json\/wp\/v2\/posts\/34743\/revisions\/34748"}],"wp:featuredmedia":[{"embeddable":true,"href":"https:\/\/elterritorialweb.com.ar\/web\/wp-json\/wp\/v2\/media\/34744"}],"wp:attachment":[{"href":"https:\/\/elterritorialweb.com.ar\/web\/wp-json\/wp\/v2\/media?parent=34743"}],"wp:term":[{"taxonomy":"category","embeddable":true,"href":"https:\/\/elterritorialweb.com.ar\/web\/wp-json\/wp\/v2\/categories?post=34743"},{"taxonomy":"post_tag","embeddable":true,"href":"https:\/\/elterritorialweb.com.ar\/web\/wp-json\/wp\/v2\/tags?post=34743"}],"curies":[{"name":"wp","href":"https:\/\/api.w.org\/{rel}","templated":true}]}}